{"id":24699,"date":"2023-05-05T06:29:50","date_gmt":"2023-05-05T06:29:50","guid":{"rendered":"https:\/\/www.iceagetv.com\/radiosite\/?p=24699"},"modified":"2023-05-05T06:29:52","modified_gmt":"2023-05-05T06:29:52","slug":"serbie-apres-la-fusillade-dans-une-ecole-de-begrade-huit-personnes-tuees-et-treize-blessees-cette-nuit-dans-une-nouvelle-fusillade-pres-de-mladenovac","status":"publish","type":"post","link":"https:\/\/www.iceagetv.com\/radiosite\/serbie-apres-la-fusillade-dans-une-ecole-de-begrade-huit-personnes-tuees-et-treize-blessees-cette-nuit-dans-une-nouvelle-fusillade-pres-de-mladenovac\/","title":{"rendered":"Serbie : Apr\u00e8s la fusillade dans une \u00e9cole de Begrade, huit personnes tu\u00e9es et treize bless\u00e9es cette nuit dans une nouvelle fusillade pr\u00e8s de Mladenovac"},"content":{"rendered":"\n<p>Apr\u00e8s la fusillade dans une \u00e9cole de Begrade, huit personnes ont \u00e9t\u00e9 tu\u00e9es et treize bless\u00e9es hier soir dans une nouvelle fusillade pr\u00e8s de la ville serbe de Mladenovac, \u00e0 environ 60 km au sud de la capitale, selon les m\u00e9dias locaux. Le tireur a ouvert le feu \u00e0 l&rsquo;arme automatique sur un groupe de personnes depuis un v\u00e9hicule en marche et s&rsquo;est enfui, selon la t\u00e9l\u00e9vision publique RTS. La police est \u00e0 la recherche du suspect, a-t-elle ajout\u00e9.<\/p>\n\n\n\n<p>De nombreux policiers et ambulances ont \u00e9t\u00e9 d\u00e9p\u00each\u00e9s sur place, et des h\u00e9licopt\u00e8res survolent les lieux.&nbsp;Le ministre serbe de l&rsquo;Int\u00e9rieur, Bratislav Gasic, a qualifi\u00e9 les faits d&rsquo;acte terroriste.&nbsp;Des proches inquiets se sont rassembl\u00e9s devant le centre m\u00e9dical d&rsquo;urgence de Belgrade, o\u00f9 au moins huit des bless\u00e9s ont \u00e9t\u00e9 hospitalis\u00e9s, a rapport\u00e9 la cha\u00eene de t\u00e9l\u00e9vision N1. La ministre de la sant\u00e9, Danica Grujicic, a bri\u00e8vement visit\u00e9 le centre.<\/p>\n\n\n\n<p>Cette fusillade est survenue au lendemain du meurtre par balle, par un \u00e9l\u00e8ve de 13 ans, de huit enfants et d&rsquo;un gardien dans une \u00e9cole de Belgrade, une tuerie qui a profond\u00e9ment choqu\u00e9 le pays.&nbsp;L&rsquo;assaillant a \u00e9t\u00e9 arr\u00eat\u00e9 peu apr\u00e8s la tuerie dans la cour de l&rsquo;\u00e9cole, o\u00f9 il attendait l&rsquo;arriv\u00e9e de policiers, et a \u00e9t\u00e9 plac\u00e9 en h\u00f4pital psychiatrique. Le p\u00e8re du tireur, un m\u00e9decin r\u00e9put\u00e9, propri\u00e9taire de l&rsquo;arme utilis\u00e9e, a \u00e9t\u00e9 arr\u00eat\u00e9 et doit \u00eatre entendu vendredi par un procureur.<\/p>\n\n\n\n<p>La m\u00e8re a \u00e9t\u00e9 interpell\u00e9e aussi. Trois jours de deuil national ont \u00e9t\u00e9 d\u00e9cr\u00e9t\u00e9s \u00e0 partir de vendredi. Les c\u00e9l\u00e9brations et les \u00e9v\u00e9nements pr\u00e9vus seront en grande partie annul\u00e9s.<\/p>\n\n\n\n<p>Le pr\u00e9sident serbe Aleksandar Vucic a d\u00e9plor\u00e9 l&rsquo;un des jours les plus difficiles dans l&rsquo;histoire contemporaine de la Serbie.<\/p>\n","protected":false},"excerpt":{"rendered":"<p>Apr\u00e8s la fusillade dans une \u00e9cole de Begrade, huit personnes ont \u00e9t\u00e9 tu\u00e9es et treize bless\u00e9es hier soir dans une nouvelle fusillade pr\u00e8s de la ville serbe de Mladenovac, \u00e0 environ 60 km au sud de la capitale, selon les m\u00e9dias locaux. Le tireur a ouvert le feu \u00e0 l&rsquo;arme automatique sur un groupe de [&hellip;]<\/p>\n","protected":false},"author":2,"featured_media":24700,"comment_status":"open","ping_status":"open","sticky":false,"template":"","format":"standard","meta":{"_jetpack_memberships_contains_paid_content":false,"footnotes":"","jetpack_publicize_message":"","jetpack_publicize_feature_enabled":true,"jetpack_social_post_already_shared":true,"jetpack_social_options":{"image_generator_settings":{"template":"highway","default_image_id":0,"font":"","enabled":false},"version":2},"_wpas_customize_per_network":false},"categories":[405],"tags":[],"class_list":["post-24699","post","type-post","status-publish","format-standard","has-post-thumbnail","hentry","category-actu-france-monde"],"jetpack_publicize_connections":[],"jetpack_featured_media_url":"https:\/\/i0.wp.com\/www.iceagetv.com\/radiosite\/wp-content\/uploads\/2023\/05\/huit-personnes-tuees-et-treize-blessees-cette-nuit-dans-une-nouvelle-fusillade-pres-de-Mladenovac.jpg?fit=679%2C293&ssl=1","jetpack_sharing_enabled":true,"_links":{"self":[{"href":"https:\/\/www.iceagetv.com\/radiosite\/wp-json\/wp\/v2\/posts\/24699","targetHints":{"allow":["GET"]}}],"collection":[{"href":"https:\/\/www.iceagetv.com\/radiosite\/wp-json\/wp\/v2\/posts"}],"about":[{"href":"https:\/\/www.iceagetv.com\/radiosite\/wp-json\/wp\/v2\/types\/post"}],"author":[{"embeddable":true,"href":"https:\/\/www.iceagetv.com\/radiosite\/wp-json\/wp\/v2\/users\/2"}],"replies":[{"embeddable":true,"href":"https:\/\/www.iceagetv.com\/radiosite\/wp-json\/wp\/v2\/comments?post=24699"}],"version-history":[{"count":1,"href":"https:\/\/www.iceagetv.com\/radiosite\/wp-json\/wp\/v2\/posts\/24699\/revisions"}],"predecessor-version":[{"id":24701,"href":"https:\/\/www.iceagetv.com\/radiosite\/wp-json\/wp\/v2\/posts\/24699\/revisions\/24701"}],"wp:featuredmedia":[{"embeddable":true,"href":"https:\/\/www.iceagetv.com\/radiosite\/wp-json\/wp\/v2\/media\/24700"}],"wp:attachment":[{"href":"https:\/\/www.iceagetv.com\/radiosite\/wp-json\/wp\/v2\/media?parent=24699"}],"wp:term":[{"taxonomy":"category","embeddable":true,"href":"https:\/\/www.iceagetv.com\/radiosite\/wp-json\/wp\/v2\/categories?post=24699"},{"taxonomy":"post_tag","embeddable":true,"href":"https:\/\/www.iceagetv.com\/radiosite\/wp-json\/wp\/v2\/tags?post=24699"}],"curies":[{"name":"wp","href":"https:\/\/api.w.org\/{rel}","templated":true}]}}