{"id":24717,"date":"2023-05-06T06:56:10","date_gmt":"2023-05-06T06:56:10","guid":{"rendered":"https:\/\/www.iceagetv.com\/radiosite\/?p=24717"},"modified":"2023-05-06T06:56:10","modified_gmt":"2023-05-06T06:56:10","slug":"plus-belle-la-vie-on-en-sait-plus-ce-matin-sur-la-mort-par-arme-a-feu-de-michel-cordes-alias-roland-marci-dans-la-serie-dont-le-corps-a-ete-retrouve-hier-dans-lherault","status":"publish","type":"post","link":"https:\/\/www.iceagetv.com\/radiosite\/plus-belle-la-vie-on-en-sait-plus-ce-matin-sur-la-mort-par-arme-a-feu-de-michel-cordes-alias-roland-marci-dans-la-serie-dont-le-corps-a-ete-retrouve-hier-dans-lherault\/","title":{"rendered":"Plus belle la vie : On en sait plus ce matin sur la mort par arme \u00e0 feu de Michel Cordes, alias Roland Marci dans la s\u00e9rie, dont le corps a \u00e9t\u00e9 retrouv\u00e9 hier dans l&rsquo;H\u00e9rault"},"content":{"rendered":"\n<p>La nouvelle de la d\u00e9couverte du corps de Michel Cordes a \u00e9t\u00e9 un choc hier soir pour tous les fans de la s\u00e9rie, mais \u00e9galement pour tous ceux qui connaissaient le visage de cet acteur. Tr\u00e8s vite, tout au long de la soir\u00e9e, le nom de Michel Corde est arriv\u00e9 en t\u00eate des sujets les plus discut\u00e9s sur les r\u00e9seaux sociaux. Il faut dire que les circonstances de cette mort par arme \u00e0 feu ont de quoi intriguer et les supputations les plus folles \u00e9taient ainsi r\u00e9alis\u00e9es, certains \u00e9voquant m\u00eame un crime li\u00e9 \u00e0 la mafia<\/p>\n\n\n\n<p>Ce matin, la r\u00e9alit\u00e9 semble h\u00e9las bien diff\u00e9rente, car selon Le Parisien, on s&rsquo;achemine vers la piste d&rsquo;un suicide Tout d&rsquo;abord les faits dont on est certain et qui ont \u00e9t\u00e9 r\u00e9v\u00e9l\u00e9s hier soir par&nbsp;<a href=\"https:\/\/www.midilibre.fr\/2023\/05\/05\/plus-belle-la-vie-michel-cordes-qui-incarnait-roland-marci-dans-la-celebre-serie-est-mort-par-arme-a-feu-11177642.php\" target=\"_blank\" rel=\"noreferrer noopener\">Le Midi Libre<\/a>:<\/p>\n\n\n\n<p>\u00ab\u00a0Michel Cordes, qui incarnait Roland Marci, l&#8217;embl\u00e9matique patron du bar Le Mistral dans le quartier fictif de Marseille, a \u00e9t\u00e9 retrouv\u00e9 mort par arme \u00e0 feu&nbsp;dans sa maison de Grabels, ce vendredi 5 mai, aux alentours de 15 heures\u00a0\u00bb.<\/p>\n\n\n\n<p>Ce matin donc, selon&nbsp;<a href=\"https:\/\/www.leparisien.fr\/culture-loisirs\/plus-belle-la-vie-michel-cordes-alias-roland-marci-est-mort-par-arme-a-feu-05-05-2023-YKQ5DL4MCJHI3GVCZDWR2LTSKU.php\" target=\"_blank\" rel=\"noreferrer noopener\">le Parisien<\/a>,&nbsp;<strong>\u00ab\u00a0l\u2019acteur aurait laiss\u00e9 une lettre avant de mettre fin \u00e0 ses jours.&nbsp;<\/strong>Une enqu\u00eate de gendarmerie a \u00e9t\u00e9 ouverte afin de confirmer la piste du suicider.\u00a0\u00bb<\/p>\n\n\n\n<p>Une hypoth\u00e8se qui semble se confirmer avec les premi\u00e8res constatations des enqu\u00eateurs sur place, puisque&nbsp;<strong>aucun signe d&rsquo;effraction n&rsquo;a \u00e9t\u00e9 constat\u00e9 dans la maison, ni aucun signe de cambriolage.<\/strong><\/p>\n\n\n\n<p>&nbsp;Lors de la mort&nbsp;du personnage incarn\u00e9 par&nbsp;Michel Cordes dans la s\u00e9rie, en octobre dernier, soit quelques semaines avant l&rsquo;arr\u00eat&nbsp;d\u00e9finitif de \u00ab\u00a0Plus belle la vie\u00a0\u00bb, Michel Cordes semblait d\u00e9\u00e7u mais il paraissait pourtant avoir des projets. Ainsi il expliquant :<\/p>\n\n\n\n<p>\u00ab\u00a0Je ne suis plus tout jeune. J\u2019aspirais \u00e0 me reposer. Disons que ce n\u2019est pas grave personnellement. Mais c\u2019est un peu dommage. Des tas de fans n\u2019ont pas envie que \u00e7a cesse. Je ne pensais pas que France T\u00e9l\u00e9visions l\u2019arr\u00eaterait comme \u00e7a, brutalement. J\u2019avais imagin\u00e9 que je prendrais mes distances, pas que le feuilleton s\u2019arr\u00eate.&nbsp;\u00c0 moins qu\u2019on me propose un projet th\u00e9\u00e2tre int\u00e9ressant\u2026 Ou je pourrais \u00e9crire une pi\u00e8ce. J\u2019ai surtout envie de me remettre \u00e0 la sculpture.\u00a0\u00bb<\/p>\n\n\n\n<p>N\u00e9 le 20 octobre 1945 dans l&rsquo;H\u00e9rault, Michel Cordes avait \u00e0 son actif une longue carri\u00e8re au th\u00e9\u00e2tre, comme acteur mais aussi comme metteur en sc\u00e8ne. Fervent d\u00e9fenseur de l&rsquo;occitan, il avait aussi jou\u00e9 des r\u00f4les secondaires dans des films comme \u00ab\u00a0Le hussard est sur le toit\u00a0\u00bb de Jean-Paul Rappenau, aux c\u00f4t\u00e9s de Juliette Binoche et d&rsquo;Olivier Martinez (1995), ou dans \u00ab\u00a0Une affaire de go\u00fbt\u00a0\u00bb (2000) au c\u00f4t\u00e9 de Bernard Giraudeau.<\/p>\n","protected":false},"excerpt":{"rendered":"<p>La nouvelle de la d\u00e9couverte du corps de Michel Cordes a \u00e9t\u00e9 un choc hier soir pour tous les fans de la s\u00e9rie, mais \u00e9galement pour tous ceux qui connaissaient le visage de cet acteur. Tr\u00e8s vite, tout au long de la soir\u00e9e, le nom de Michel Corde est arriv\u00e9 en t\u00eate des sujets les [&hellip;]<\/p>\n","protected":false},"author":2,"featured_media":24718,"comment_status":"open","ping_status":"open","sticky":false,"template":"","format":"standard","meta":{"_jetpack_memberships_contains_paid_content":false,"footnotes":"","jetpack_publicize_message":"","jetpack_publicize_feature_enabled":true,"jetpack_social_post_already_shared":true,"jetpack_social_options":{"image_generator_settings":{"template":"highway","default_image_id":0,"font":"","enabled":false},"version":2},"_wpas_customize_per_network":false},"categories":[405],"tags":[],"class_list":["post-24717","post","type-post","status-publish","format-standard","has-post-thumbnail","hentry","category-actu-france-monde"],"jetpack_publicize_connections":[],"jetpack_featured_media_url":"https:\/\/i0.wp.com\/www.iceagetv.com\/radiosite\/wp-content\/uploads\/2023\/05\/On-en-sait-plus-ce-matin-sur-la-mort-par-arme-a-feu-de-Michel-Cordes.jpg?fit=596%2C333&ssl=1","jetpack_sharing_enabled":true,"_links":{"self":[{"href":"https:\/\/www.iceagetv.com\/radiosite\/wp-json\/wp\/v2\/posts\/24717","targetHints":{"allow":["GET"]}}],"collection":[{"href":"https:\/\/www.iceagetv.com\/radiosite\/wp-json\/wp\/v2\/posts"}],"about":[{"href":"https:\/\/www.iceagetv.com\/radiosite\/wp-json\/wp\/v2\/types\/post"}],"author":[{"embeddable":true,"href":"https:\/\/www.iceagetv.com\/radiosite\/wp-json\/wp\/v2\/users\/2"}],"replies":[{"embeddable":true,"href":"https:\/\/www.iceagetv.com\/radiosite\/wp-json\/wp\/v2\/comments?post=24717"}],"version-history":[{"count":1,"href":"https:\/\/www.iceagetv.com\/radiosite\/wp-json\/wp\/v2\/posts\/24717\/revisions"}],"predecessor-version":[{"id":24719,"href":"https:\/\/www.iceagetv.com\/radiosite\/wp-json\/wp\/v2\/posts\/24717\/revisions\/24719"}],"wp:featuredmedia":[{"embeddable":true,"href":"https:\/\/www.iceagetv.com\/radiosite\/wp-json\/wp\/v2\/media\/24718"}],"wp:attachment":[{"href":"https:\/\/www.iceagetv.com\/radiosite\/wp-json\/wp\/v2\/media?parent=24717"}],"wp:term":[{"taxonomy":"category","embeddable":true,"href":"https:\/\/www.iceagetv.com\/radiosite\/wp-json\/wp\/v2\/categories?post=24717"},{"taxonomy":"post_tag","embeddable":true,"href":"https:\/\/www.iceagetv.com\/radiosite\/wp-json\/wp\/v2\/tags?post=24717"}],"curies":[{"name":"wp","href":"https:\/\/api.w.org\/{rel}","templated":true}]}}