{"id":24731,"date":"2023-05-08T04:53:06","date_gmt":"2023-05-08T04:53:06","guid":{"rendered":"https:\/\/www.iceagetv.com\/radiosite\/?p=24731"},"modified":"2023-05-08T04:53:06","modified_gmt":"2023-05-08T04:53:06","slug":"retraites-manifestations-casseroles-le-8-mai-sera-t-il-epargne","status":"publish","type":"post","link":"https:\/\/www.iceagetv.com\/radiosite\/retraites-manifestations-casseroles-le-8-mai-sera-t-il-epargne\/","title":{"rendered":"Retraites, manifestations, casseroles\u00a0: le 8\u00a0Mai sera-t-il \u00e9pargn\u00e9\u00a0?"},"content":{"rendered":"\n<p>Jour sacr\u00e9 ou jour comme un autre pour manifester ? Telle est la question qui se pose apr\u00e8s la d\u00e9cision de la pr\u00e9fecture d\u2019Auvergne-Rh\u00f4ne-Alpes d\u2019interdire les manifestations, rassemblements et cort\u00e8ges dans le quartier de Lyon o\u00f9 est attendu le chef de l\u2019\u00c9tat ce lundi 8 mai, pour rendre un hommage \u00e0 la R\u00e9sistance et \u00e0 Jean Moulin. Si ces interdictions sont prises \u00e0 chaque d\u00e9placement du chef de l\u2019\u00c9tat depuis la promulgation de la contest\u00e9e r\u00e9forme des retraites, elles ont \u00e9t\u00e9 cette fois justifi\u00e9es par plusieurs interlocuteurs politiques, estimant que la date du&nbsp;<a href=\"https:\/\/www.leparisien.fr\/politique\/un-armistice-pour-le-8-mai-07-05-2023-VVYM67HOCNHOTLK7OISJYP6IOE.php\" target=\"_blank\" rel=\"noreferrer noopener\">8 Mai \u00e9tait en quelque sorte intouchable.<\/a><\/p>\n\n\n\n<p>En tout cas, la&nbsp;<a href=\"https:\/\/www.leparisien.fr\/politique\/macron-a-lyon-linterdiction-de-manifester-de-nouveau-contestee-par-la-cgt-07-05-2023-ZZQNKDJFWREG3JK5HJEY4FCGUY.php\" target=\"_blank\" rel=\"noreferrer noopener\">d\u00e9cision est contest\u00e9e par la CGT<\/a>&nbsp;du Rh\u00f4ne et de la m\u00e9tropole de Lyon, qui a d\u00e9pos\u00e9 un recours contre la mise en place de ce p\u00e9rim\u00e8tre d\u2019interdiction de manifestation. L\u2019intersyndicale avait appel\u00e9 \u00e0 un rassemblement de comm\u00e9moration de l\u2019h\u00e9ritage social \u00ab en d\u00e9fendant notre syst\u00e8me de retraite \u00bb en ce 8 mai, pr\u00e8s du site o\u00f9 doit se rendre Emmanuel Macron, dans le quartier de Montluc. Si l\u2019interdiction de manifester n\u2019est pas lev\u00e9e, la CGT a indiqu\u00e9 que le rassemblement aurait lieu quelques rues plus loin.<\/p>\n","protected":false},"excerpt":{"rendered":"<p>Jour sacr\u00e9 ou jour comme un autre pour manifester ? Telle est la question qui se pose apr\u00e8s la d\u00e9cision de la pr\u00e9fecture d\u2019Auvergne-Rh\u00f4ne-Alpes d\u2019interdire les manifestations, rassemblements et cort\u00e8ges dans le quartier de Lyon o\u00f9 est attendu le chef de l\u2019\u00c9tat ce lundi 8 mai, pour rendre un hommage \u00e0 la R\u00e9sistance et \u00e0 [&hellip;]<\/p>\n","protected":false},"author":2,"featured_media":24732,"comment_status":"open","ping_status":"open","sticky":false,"template":"","format":"standard","meta":{"_jetpack_memberships_contains_paid_content":false,"footnotes":"","jetpack_publicize_message":"","jetpack_publicize_feature_enabled":true,"jetpack_social_post_already_shared":true,"jetpack_social_options":{"image_generator_settings":{"template":"highway","default_image_id":0,"font":"","enabled":false},"version":2},"_wpas_customize_per_network":false},"categories":[405],"tags":[],"class_list":["post-24731","post","type-post","status-publish","format-standard","has-post-thumbnail","hentry","category-actu-france-monde"],"jetpack_publicize_connections":[],"jetpack_featured_media_url":"https:\/\/i0.wp.com\/www.iceagetv.com\/radiosite\/wp-content\/uploads\/2023\/05\/BD2W726KH5DBRKFVEFOPUSPKUU.jpg?fit=932%2C582&ssl=1","jetpack_sharing_enabled":true,"_links":{"self":[{"href":"https:\/\/www.iceagetv.com\/radiosite\/wp-json\/wp\/v2\/posts\/24731","targetHints":{"allow":["GET"]}}],"collection":[{"href":"https:\/\/www.iceagetv.com\/radiosite\/wp-json\/wp\/v2\/posts"}],"about":[{"href":"https:\/\/www.iceagetv.com\/radiosite\/wp-json\/wp\/v2\/types\/post"}],"author":[{"embeddable":true,"href":"https:\/\/www.iceagetv.com\/radiosite\/wp-json\/wp\/v2\/users\/2"}],"replies":[{"embeddable":true,"href":"https:\/\/www.iceagetv.com\/radiosite\/wp-json\/wp\/v2\/comments?post=24731"}],"version-history":[{"count":1,"href":"https:\/\/www.iceagetv.com\/radiosite\/wp-json\/wp\/v2\/posts\/24731\/revisions"}],"predecessor-version":[{"id":24733,"href":"https:\/\/www.iceagetv.com\/radiosite\/wp-json\/wp\/v2\/posts\/24731\/revisions\/24733"}],"wp:featuredmedia":[{"embeddable":true,"href":"https:\/\/www.iceagetv.com\/radiosite\/wp-json\/wp\/v2\/media\/24732"}],"wp:attachment":[{"href":"https:\/\/www.iceagetv.com\/radiosite\/wp-json\/wp\/v2\/media?parent=24731"}],"wp:term":[{"taxonomy":"category","embeddable":true,"href":"https:\/\/www.iceagetv.com\/radiosite\/wp-json\/wp\/v2\/categories?post=24731"},{"taxonomy":"post_tag","embeddable":true,"href":"https:\/\/www.iceagetv.com\/radiosite\/wp-json\/wp\/v2\/tags?post=24731"}],"curies":[{"name":"wp","href":"https:\/\/api.w.org\/{rel}","templated":true}]}}