{"id":24737,"date":"2023-05-08T16:06:46","date_gmt":"2023-05-08T16:06:46","guid":{"rendered":"https:\/\/www.iceagetv.com\/radiosite\/?p=24737"},"modified":"2023-05-08T16:06:46","modified_gmt":"2023-05-08T16:06:46","slug":"commemorations-du-8-mai-a-lyon-macron-prononce-un-discours-de-memoire","status":"publish","type":"post","link":"https:\/\/www.iceagetv.com\/radiosite\/commemorations-du-8-mai-a-lyon-macron-prononce-un-discours-de-memoire\/","title":{"rendered":"Comm\u00e9morations du 8-Mai\u00a0: \u00e0 Lyon, Macron prononce un discours de m\u00e9moire"},"content":{"rendered":"\n<p>Apr\u00e8s la traditionnelle c\u00e9r\u00e9monie sur les Champs-Elys\u00e9es \u00e0 Paris, Emmanuel Macron est arriv\u00e9 \u00e0 Lyon en avion, ce lundi en d\u00e9but d&rsquo;apr\u00e8s-midi, pour<a href=\"https:\/\/www.lefigaro.fr\/lyon\/a-lyon-une-visite-d-emmanuel-macron-sous-haute-surveillance-pour-les-ceremonies-du-8-mai-20230507\">\u00a0rendre hommage \u00e0 Jean Moulin et \u00e0 la R\u00e9sistance,\u00a0<\/a>\u00e0 l&rsquo;occasion du 8-Mai, date de la\u00a0<a href=\"https:\/\/www.lefigaro.fr\/langue-francaise\/actu-des-mots\/2018\/05\/08\/37002-20180508ARTFIG00006-8-mai-feter-l-armistice-est-un-abus-de-langage.php\">capitulation allemande<\/a>. Le pr\u00e9sident a visit\u00e9 l&rsquo;ancienne prison de Montluc, o\u00f9 Jean Moulin et d&rsquo;autres r\u00e9sistants furent d\u00e9tenus.Le pr\u00e9sident de la R\u00e9publique a ensuite prononc\u00e9 un discours de m\u00e9moire qui a retrac\u00e9 le parcours de plusieurs r\u00e9sistants d\u00e9tenus dans ces lieux. Un large hommage a \u00e9t\u00e9 accord\u00e9 \u00e0 Jean Moulin, chef de la r\u00e9sistance durant la Seconde Guerre mondiale.Le chef de l&rsquo;\u00c9tat a associ\u00e9 le nom de l&rsquo;ancien pr\u00e9fet et chef de la r\u00e9sistance mort sous la torture \u00e0 l&rsquo;historien Marc Bloch, mort en d\u00e9portation\u00a0: \u00ab<em>Moulin et Bloch nous disent que la R\u00e9publique fran\u00e7aise n&rsquo;est par d\u00e9finition ni bonne ni mauvaise, elle est n\u00e9cessaire, vitale, juste<\/em>\u00bb. \u00ab<em>Ayons confiance en nous et en ceux qui nous suivront<\/em>\u00bb, a-t-il dit en r\u00e9f\u00e9rence au devoir de m\u00e9moire et de transmission.<\/p>\n\n\n\n<h2 class=\"wp-block-heading\" id=\"echange-avec-un-rescape\">\u00c9change avec un rescap\u00e9<\/h2>\n\n\n\n<p>Quelques minutes plus t\u00f4t, Emmanuel Macron a visit\u00e9 plusieurs cellules de la prison de Montluc, notamment celles de Jean Moulin et du criminel de guerre allemand, Klaus Barbie.\u00c0 son arriv\u00e9e \u00e0 Lyon, le pr\u00e9sident de la R\u00e9publique a d\u00e9pos\u00e9 une gerbe et s&rsquo;est recueilli en l&rsquo;honneur de Jean Moulin et des autres r\u00e9sistants puis a chant\u00e9\u00a0<em>La Marseillaise<\/em>\u00a0et \u00e9cout\u00e9 le chant des partisans, symbole de la souffrance et de l&rsquo;unicit\u00e9 des r\u00e9sistants. Le chef de l&rsquo;\u00c9tat a ensuite salu\u00e9 les diff\u00e9rentes personnalit\u00e9s militaires et politiques pr\u00e9sentes.<\/p>\n\n\n\n<h2 class=\"wp-block-heading\" id=\"des-manifestants-a-la-guillotiere\">Des manifestants \u00e0 la Guilloti\u00e8re<\/h2>\n\n\n\n<p>Non loin de l\u00e0, dans le quartier de la Guilloti\u00e8re, un rassemblement de 3000 personnes, selon la pr\u00e9fecture, dont beaucoup \u00e9taient munies de casseroles, a d\u00e9but\u00e9 dans une ambiance bon enfant vers 14 heures devant des barri\u00e8res dress\u00e9es par les forces de l&rsquo;ordre. Ces derni\u00e8res ont ensuite plusieurs fois d\u00fb faire usage de gaz lacrymog\u00e8nes pour repousser les manifestants tentant de p\u00e9n\u00e9trer dans le p\u00e9rim\u00e8tre interdit, ont constat\u00e9 des journalistes de l&rsquo;AFP.<\/p>\n","protected":false},"excerpt":{"rendered":"<p>Apr\u00e8s la traditionnelle c\u00e9r\u00e9monie sur les Champs-Elys\u00e9es \u00e0 Paris, Emmanuel Macron est arriv\u00e9 \u00e0 Lyon en avion, ce lundi en d\u00e9but d&rsquo;apr\u00e8s-midi, pour\u00a0rendre hommage \u00e0 Jean Moulin et \u00e0 la R\u00e9sistance,\u00a0\u00e0 l&rsquo;occasion du 8-Mai, date de la\u00a0capitulation allemande. Le pr\u00e9sident a visit\u00e9 l&rsquo;ancienne prison de Montluc, o\u00f9 Jean Moulin et d&rsquo;autres r\u00e9sistants furent d\u00e9tenus.Le pr\u00e9sident [&hellip;]<\/p>\n","protected":false},"author":2,"featured_media":24738,"comment_status":"open","ping_status":"open","sticky":false,"template":"","format":"standard","meta":{"_jetpack_memberships_contains_paid_content":false,"footnotes":"","jetpack_publicize_message":"","jetpack_publicize_feature_enabled":true,"jetpack_social_post_already_shared":true,"jetpack_social_options":{"image_generator_settings":{"template":"highway","default_image_id":0,"font":"","enabled":false},"version":2},"_wpas_customize_per_network":false},"categories":[405],"tags":[],"class_list":["post-24737","post","type-post","status-publish","format-standard","has-post-thumbnail","hentry","category-actu-france-monde"],"jetpack_publicize_connections":[],"jetpack_featured_media_url":"https:\/\/i0.wp.com\/www.iceagetv.com\/radiosite\/wp-content\/uploads\/2023\/05\/Commemorations-du-8-Mai.jpg?fit=577%2C385&ssl=1","jetpack_sharing_enabled":true,"_links":{"self":[{"href":"https:\/\/www.iceagetv.com\/radiosite\/wp-json\/wp\/v2\/posts\/24737","targetHints":{"allow":["GET"]}}],"collection":[{"href":"https:\/\/www.iceagetv.com\/radiosite\/wp-json\/wp\/v2\/posts"}],"about":[{"href":"https:\/\/www.iceagetv.com\/radiosite\/wp-json\/wp\/v2\/types\/post"}],"author":[{"embeddable":true,"href":"https:\/\/www.iceagetv.com\/radiosite\/wp-json\/wp\/v2\/users\/2"}],"replies":[{"embeddable":true,"href":"https:\/\/www.iceagetv.com\/radiosite\/wp-json\/wp\/v2\/comments?post=24737"}],"version-history":[{"count":1,"href":"https:\/\/www.iceagetv.com\/radiosite\/wp-json\/wp\/v2\/posts\/24737\/revisions"}],"predecessor-version":[{"id":24739,"href":"https:\/\/www.iceagetv.com\/radiosite\/wp-json\/wp\/v2\/posts\/24737\/revisions\/24739"}],"wp:featuredmedia":[{"embeddable":true,"href":"https:\/\/www.iceagetv.com\/radiosite\/wp-json\/wp\/v2\/media\/24738"}],"wp:attachment":[{"href":"https:\/\/www.iceagetv.com\/radiosite\/wp-json\/wp\/v2\/media?parent=24737"}],"wp:term":[{"taxonomy":"category","embeddable":true,"href":"https:\/\/www.iceagetv.com\/radiosite\/wp-json\/wp\/v2\/categories?post=24737"},{"taxonomy":"post_tag","embeddable":true,"href":"https:\/\/www.iceagetv.com\/radiosite\/wp-json\/wp\/v2\/tags?post=24737"}],"curies":[{"name":"wp","href":"https:\/\/api.w.org\/{rel}","templated":true}]}}