{"id":24746,"date":"2023-05-09T09:51:31","date_gmt":"2023-05-09T09:51:31","guid":{"rendered":"https:\/\/www.iceagetv.com\/radiosite\/?p=24746"},"modified":"2023-05-09T09:51:34","modified_gmt":"2023-05-09T09:51:34","slug":"lavocat-georges-kiejman-ancien-ministre-de-francois-mitterrand-est-decede-a-lage-de-90-ans","status":"publish","type":"post","link":"https:\/\/www.iceagetv.com\/radiosite\/lavocat-georges-kiejman-ancien-ministre-de-francois-mitterrand-est-decede-a-lage-de-90-ans\/","title":{"rendered":"L\u2019avocat Georges Kiejman, ancien ministre de Fran\u00e7ois Mitterrand, est d\u00e9c\u00e9d\u00e9 \u00e0 l\u2019\u00e2ge de 90 ans"},"content":{"rendered":"\n<p>L\u2019avocat et ancien ministre Georges Kiejman est d\u00e9c\u00e9d\u00e9 \u00e0 l\u2019\u00e2ge de 90 ans, annonce le quotidien&nbsp;<a href=\"https:\/\/www.lemonde.fr\/disparitions\/article\/2023\/05\/09\/georges-kiejman-avocat-et-ancien-ministre-est-mort_6172617_3382.html\" target=\"_blank\" rel=\"noreferrer noopener\">Le Monde<\/a>, ce matin.<\/p>\n\n\n\n<p><a href=\"https:\/\/www.kiejman-marembert.com\/aproposdenotreequipe\" target=\"_blank\" rel=\"noreferrer noopener\">Biographie<\/a><\/p>\n\n\n\n<p>Avocat \u00e9m\u00e9rite reconnu par ses pairs, Georges Kiejman m\u00e8ne de front une double carri\u00e8re de&nbsp;P\u00c9NALISTE&nbsp;et de&nbsp;CIVILISTE. PENALISTE,&nbsp;il a plaid\u00e9 de grandes affaires criminelles. Il a \u00e9galement plaid\u00e9 pour le Gouvernement des Etats-Unis d\u2019Am\u00e9rique, en qualit\u00e9 de partie civile, contre un&nbsp; terroriste condamn\u00e9 \u00e0 la r\u00e9clusion \u00e0 perp\u00e9tuit\u00e9 pour l&rsquo;instigation de divers attentats.<br>Il fut r\u00e9cemment l\u2019avocat d&rsquo;une des plus grandes puissances industrielle et l\u2019un des avocats d&rsquo;un ancien Pr\u00e9sident de la R\u00e9publique. Il a \u00e9galement plaid\u00e9 de nombreux&nbsp;proc\u00e8s de presse,&nbsp;que ce soit pour des journaux ou des personnalit\u00e9s. Il a contribu\u00e9 \u00e0 l\u2019\u00e9dification de la jurisprudence en mati\u00e8re de presse et d\u2019atteinte aux droits des personnes. Farouche d\u00e9fenseur de la libert\u00e9 de la presse, il s\u2019est toujours oppos\u00e9 aux abus de celle-ci \u00e0 l\u2019\u00e9gard des particuliers.<br>Visc\u00e9ralement attach\u00e9 \u00e0 la d\u00e9fense des Droits de l&rsquo;Homme, il fut le d\u00e9fenseur de personnes menac\u00e9es d&rsquo;extradition et a combattu activement pour la lib\u00e9ration des enfants des enfants du G\u00e9n\u00e9ral OUFKIR. Il a \u00e9t\u00e9 membre de plusieurs commissions de r\u00e9forme : celle du Code P\u00e9nal, celle du Statut des Magistrats, la Commission \u00ab Presse-Justice \u00bb.<br>SUR LE PLAN POLITIQUE, collaborateur de Pierre Mendes France pendant vingt ans, il a \u00e9t\u00e9 ensuite et successivement :<br>&#8211; Ministre D\u00e9l\u00e9gu\u00e9 \u00e0 la Justice&nbsp;charg\u00e9 des r\u00e9formes, dans le Gouvernement de Michel ROCARD, d\u2019octobre 1990 \u00e0 mai 1991 et il a, \u00e0 ce titre, soutenu plusieurs projets de loi au Parlement ;<br>&#8211; Ministre D\u00e9l\u00e9gu\u00e9 \u00e0 la Communication, dans le Gouvernement d\u2019Edith CRESSON, de mai 1991 \u00e0 avril 1992. Il est celui qui, le premier, a lanc\u00e9 le projet d\u2019une \u00ab cha\u00eene du savoir et de la curiosit\u00e9 \u00bb, rebaptis\u00e9e \u00abArte\u00bb<br>&#8211; Ministre D\u00e9l\u00e9gu\u00e9 aux Affaires Etrang\u00e8res&nbsp;dans le Gouvernement de Pierre BEREGOVOY, d\u2019avril 1992 \u00e0 fin mars 1993. Il s\u2019est alors particuli\u00e8rement consacr\u00e9 aux relations de la France avec les pays d\u2019Am\u00e9rique Latine, d\u2019Asie du Sud-Est et du Pacifique, et a dirig\u00e9 plusieurs fois la D\u00e9l\u00e9gation Fran\u00e7aise, soit dans des rencontres bilat\u00e9rales, soit entre diverses organisations r\u00e9gionales (comme l\u2019A.S.E.A.N.) et la Communaut\u00e9 Europ\u00e9enne.<\/p>\n","protected":false},"excerpt":{"rendered":"<p>L\u2019avocat et ancien ministre Georges Kiejman est d\u00e9c\u00e9d\u00e9 \u00e0 l\u2019\u00e2ge de 90 ans, annonce le quotidien&nbsp;Le Monde, ce matin. Biographie Avocat \u00e9m\u00e9rite reconnu par ses pairs, Georges Kiejman m\u00e8ne de front une double carri\u00e8re de&nbsp;P\u00c9NALISTE&nbsp;et de&nbsp;CIVILISTE. PENALISTE,&nbsp;il a plaid\u00e9 de grandes affaires criminelles. Il a \u00e9galement plaid\u00e9 pour le Gouvernement des Etats-Unis d\u2019Am\u00e9rique, en qualit\u00e9 [&hellip;]<\/p>\n","protected":false},"author":2,"featured_media":24747,"comment_status":"open","ping_status":"open","sticky":false,"template":"","format":"standard","meta":{"_jetpack_memberships_contains_paid_content":false,"footnotes":"","jetpack_publicize_message":"","jetpack_publicize_feature_enabled":true,"jetpack_social_post_already_shared":true,"jetpack_social_options":{"image_generator_settings":{"template":"highway","default_image_id":0,"font":"","enabled":false},"version":2},"_wpas_customize_per_network":false},"categories":[405],"tags":[],"class_list":["post-24746","post","type-post","status-publish","format-standard","has-post-thumbnail","hentry","category-actu-france-monde"],"jetpack_publicize_connections":[],"jetpack_featured_media_url":"https:\/\/i0.wp.com\/www.iceagetv.com\/radiosite\/wp-content\/uploads\/2023\/05\/v4DyEUUe-1.jpg?fit=679%2C293&ssl=1","jetpack_sharing_enabled":true,"_links":{"self":[{"href":"https:\/\/www.iceagetv.com\/radiosite\/wp-json\/wp\/v2\/posts\/24746","targetHints":{"allow":["GET"]}}],"collection":[{"href":"https:\/\/www.iceagetv.com\/radiosite\/wp-json\/wp\/v2\/posts"}],"about":[{"href":"https:\/\/www.iceagetv.com\/radiosite\/wp-json\/wp\/v2\/types\/post"}],"author":[{"embeddable":true,"href":"https:\/\/www.iceagetv.com\/radiosite\/wp-json\/wp\/v2\/users\/2"}],"replies":[{"embeddable":true,"href":"https:\/\/www.iceagetv.com\/radiosite\/wp-json\/wp\/v2\/comments?post=24746"}],"version-history":[{"count":1,"href":"https:\/\/www.iceagetv.com\/radiosite\/wp-json\/wp\/v2\/posts\/24746\/revisions"}],"predecessor-version":[{"id":24748,"href":"https:\/\/www.iceagetv.com\/radiosite\/wp-json\/wp\/v2\/posts\/24746\/revisions\/24748"}],"wp:featuredmedia":[{"embeddable":true,"href":"https:\/\/www.iceagetv.com\/radiosite\/wp-json\/wp\/v2\/media\/24747"}],"wp:attachment":[{"href":"https:\/\/www.iceagetv.com\/radiosite\/wp-json\/wp\/v2\/media?parent=24746"}],"wp:term":[{"taxonomy":"category","embeddable":true,"href":"https:\/\/www.iceagetv.com\/radiosite\/wp-json\/wp\/v2\/categories?post=24746"},{"taxonomy":"post_tag","embeddable":true,"href":"https:\/\/www.iceagetv.com\/radiosite\/wp-json\/wp\/v2\/tags?post=24746"}],"curies":[{"name":"wp","href":"https:\/\/api.w.org\/{rel}","templated":true}]}}