{"id":24760,"date":"2023-05-10T16:59:52","date_gmt":"2023-05-10T16:59:52","guid":{"rendered":"https:\/\/www.iceagetv.com\/radiosite\/?p=24760"},"modified":"2023-05-10T16:59:54","modified_gmt":"2023-05-10T16:59:54","slug":"les-senateurs-francais-ont-observe-dans-lhemicycle-une-minute-de-silence-en-hommage-au-journaliste-de-lafp-arman-soldin-tue-mardi-en-ukraine","status":"publish","type":"post","link":"https:\/\/www.iceagetv.com\/radiosite\/les-senateurs-francais-ont-observe-dans-lhemicycle-une-minute-de-silence-en-hommage-au-journaliste-de-lafp-arman-soldin-tue-mardi-en-ukraine\/","title":{"rendered":"Les s\u00e9nateurs fran\u00e7ais ont observ\u00e9 dans l&rsquo;h\u00e9micycle une minute de silence en hommage au journaliste de l&rsquo;AFP Arman Soldin tu\u00e9 mardi en Ukraine"},"content":{"rendered":"\n<p>Les s\u00e9nateurs fran\u00e7ais ont observ\u00e9&nbsp; dans l&rsquo;h\u00e9micycle une minute de silence en hommage au journaliste de l&rsquo;AFP Arman Soldin tu\u00e9 mardi en Ukraine, \u00ab\u00a0parce qu&rsquo;il croyait que le devoir d&rsquo;informer ne doit reculer devant rien\u00a0\u00bb, selon la Premi\u00e8re ministre Elisabeth Borne. \u00ab\u00a0C&rsquo;est avec une vive \u00e9motion que nous avons appris le d\u00e9c\u00e8s du journaliste de l&rsquo;Agence France-Presse Arman Soldin, tu\u00e9 hier apr\u00e8s-midi lors d&rsquo;un bombardement dans l&rsquo;est de l&rsquo;Ukraine\u00a0\u00bb, a d\u00e9clar\u00e9 le pr\u00e9sident du S\u00e9nat G\u00e9rard Larcher (LR), \u00e0 l&rsquo;ouverture de la s\u00e9ance de questions au gouvernement.<\/p>\n\n\n\n<p>\u00ab\u00a0Ce jeune homme de 32 ans risquait sa vie chaque jour au coeur du conflit pour nous informer\u00a0\u00bb, a-t-il poursuivi avant de pr\u00e9senter les condol\u00e9ances du S\u00e9nat \u00e0 sa famille et \u00e0 ses proches. M. Larcher a assur\u00e9 du soutien de la chambre haute \u00ab\u00a0l&rsquo;ensemble des journalistes et des techniciens qui exercent leur m\u00e9tier dans des circonstances particuli\u00e8rement difficiles pour nous informer\u00a0\u00bb.<\/p>\n\n\n\n<p>Au nom du gouvernement, Elisabeth Borne a \u00e9galement exprim\u00e9 son \u00ab\u00a0\u00e9motion\u00a0\u00bb et sa \u00ab\u00a0solidarit\u00e9\u00a0\u00bb \u00e0 sa famille et \u00e0 ses proches, \u00ab\u00a0\u00e0 ses coll\u00e8gues de l&rsquo;Agence France-Presse\u00a0\u00bb et \u00ab\u00a0\u00e0 tous les journalistes\u00a0\u00bb. \u00ab\u00a0Arman Soldin accomplissait son m\u00e9tier, sa passion, sa vocation.<\/p>\n\n\n\n<p>Il est tomb\u00e9 parce qu&rsquo;il voulait faire conna\u00eetre des faits, il est tomb\u00e9 parce qu&rsquo;il croyait que le devoir d&rsquo;informer ne doit reculer devant rien\u00a0\u00bb, a d\u00e9clar\u00e9 la Premi\u00e8re ministre, ajoutant que \u00ab\u00a0le journalisme, la presse libre, sont essentiels pour nos concitoyens et pour notre d\u00e9mocratie\u00a0\u00bb.<\/p>\n\n\n\n<p>Le pr\u00e9sident du S\u00e9nat et la Premi\u00e8re ministre ont \u00e9galement exprim\u00e9 leur \u00e9motion apr\u00e8s \u00ab\u00a0l&rsquo;attaque abjecte\u00a0\u00bb, selon les termes de M. Larcher, contre la synagogue de la Ghriba \u00e0 Djerba, en Tunisie, qui a co\u00fbt\u00e9 la vie \u00e0 quatre personnes dont un Fran\u00e7ais.<\/p>\n","protected":false},"excerpt":{"rendered":"<p>Les s\u00e9nateurs fran\u00e7ais ont observ\u00e9&nbsp; dans l&rsquo;h\u00e9micycle une minute de silence en hommage au journaliste de l&rsquo;AFP Arman Soldin tu\u00e9 mardi en Ukraine, \u00ab\u00a0parce qu&rsquo;il croyait que le devoir d&rsquo;informer ne doit reculer devant rien\u00a0\u00bb, selon la Premi\u00e8re ministre Elisabeth Borne. \u00ab\u00a0C&rsquo;est avec une vive \u00e9motion que nous avons appris le d\u00e9c\u00e8s du journaliste de [&hellip;]<\/p>\n","protected":false},"author":2,"featured_media":24761,"comment_status":"open","ping_status":"open","sticky":false,"template":"","format":"standard","meta":{"_jetpack_memberships_contains_paid_content":false,"footnotes":"","jetpack_publicize_message":"","jetpack_publicize_feature_enabled":true,"jetpack_social_post_already_shared":true,"jetpack_social_options":{"image_generator_settings":{"template":"highway","default_image_id":0,"font":"","enabled":false},"version":2},"_wpas_customize_per_network":false},"categories":[405],"tags":[],"class_list":["post-24760","post","type-post","status-publish","format-standard","has-post-thumbnail","hentry","category-actu-france-monde"],"jetpack_publicize_connections":[],"jetpack_featured_media_url":"https:\/\/i0.wp.com\/www.iceagetv.com\/radiosite\/wp-content\/uploads\/2023\/05\/Les-senateurs-francais-ont-observe-dans-lhemicycle.jpg?fit=679%2C293&ssl=1","jetpack_sharing_enabled":true,"_links":{"self":[{"href":"https:\/\/www.iceagetv.com\/radiosite\/wp-json\/wp\/v2\/posts\/24760","targetHints":{"allow":["GET"]}}],"collection":[{"href":"https:\/\/www.iceagetv.com\/radiosite\/wp-json\/wp\/v2\/posts"}],"about":[{"href":"https:\/\/www.iceagetv.com\/radiosite\/wp-json\/wp\/v2\/types\/post"}],"author":[{"embeddable":true,"href":"https:\/\/www.iceagetv.com\/radiosite\/wp-json\/wp\/v2\/users\/2"}],"replies":[{"embeddable":true,"href":"https:\/\/www.iceagetv.com\/radiosite\/wp-json\/wp\/v2\/comments?post=24760"}],"version-history":[{"count":1,"href":"https:\/\/www.iceagetv.com\/radiosite\/wp-json\/wp\/v2\/posts\/24760\/revisions"}],"predecessor-version":[{"id":24762,"href":"https:\/\/www.iceagetv.com\/radiosite\/wp-json\/wp\/v2\/posts\/24760\/revisions\/24762"}],"wp:featuredmedia":[{"embeddable":true,"href":"https:\/\/www.iceagetv.com\/radiosite\/wp-json\/wp\/v2\/media\/24761"}],"wp:attachment":[{"href":"https:\/\/www.iceagetv.com\/radiosite\/wp-json\/wp\/v2\/media?parent=24760"}],"wp:term":[{"taxonomy":"category","embeddable":true,"href":"https:\/\/www.iceagetv.com\/radiosite\/wp-json\/wp\/v2\/categories?post=24760"},{"taxonomy":"post_tag","embeddable":true,"href":"https:\/\/www.iceagetv.com\/radiosite\/wp-json\/wp\/v2\/tags?post=24760"}],"curies":[{"name":"wp","href":"https:\/\/api.w.org\/{rel}","templated":true}]}}