{"id":24787,"date":"2023-05-13T08:01:13","date_gmt":"2023-05-13T08:01:13","guid":{"rendered":"https:\/\/www.iceagetv.com\/radiosite\/?p=24787"},"modified":"2023-05-13T08:01:13","modified_gmt":"2023-05-13T08:01:13","slug":"iran-ces-francais-toujours-retenus-en-otage-apres-la-liberation-de-benjamin-briere-et-bernard-phelan","status":"publish","type":"post","link":"https:\/\/www.iceagetv.com\/radiosite\/iran-ces-francais-toujours-retenus-en-otage-apres-la-liberation-de-benjamin-briere-et-bernard-phelan\/","title":{"rendered":"Iran : ces Fran\u00e7ais toujours retenus en otage apr\u00e8s la lib\u00e9ration de Benjamin Bri\u00e8re et Bernard Phelan"},"content":{"rendered":"\n<p>\u00c0 chaque lib\u00e9ration, son soulagement. Ce vendredi, le Quai d\u2019Orsay a annonc\u00e9&nbsp;<a href=\"https:\/\/www.leparisien.fr\/international\/iran-les-otages-francais-benjamin-briere-et-bernard-phelan-ont-ete-liberes-12-05-2023-AYXEZLBGHRC5TJ4VU3RCNM2PH4.php\" target=\"_blank\" rel=\"noreferrer noopener\">les lib\u00e9rations de Benjamin Bri\u00e8re et Bernard Phelan<\/a>. Les deux hommes \u00e9taient d\u00e9tenus dans la prison de Mashhad, dans le nord-est de l\u2019Iran, pays dans lequel quatre Fran\u00e7ais restent encore prisonniers. La chercheuse franco-iranienne Fariba Adelkhah, lib\u00e9r\u00e9e le 10 f\u00e9vrier, a quant \u00e0 elle l\u2019interdiction de quitter le territoire. Le Parisien fait le point sur ces d\u00e9tentions, que les autorit\u00e9s fran\u00e7aises qualifient d\u2019arbitraires.<\/p>\n\n\n\n<ul class=\"wp-block-list\">\n<li><strong>Fariba Adelkhah<\/strong><\/li>\n<\/ul>\n\n\n\n<p>Chercheuse au centre de recherches internationales (CERI) de Sciences-po,\u00a0<a rel=\"noreferrer noopener\" href=\"https:\/\/www.leparisien.fr\/international\/la-chercheuse-franco-iranienne-fariba-adelkhah-detenue-par-teheran-est-sortie-de-prison-11-02-2023-TNEH52LIZZCNHE6VUVM6XTLQLU.php\" target=\"_blank\">Fariba Adelkhah<\/a>, arr\u00eat\u00e9e en 2019 pour \u00ab atteinte \u00e0 la s\u00e9curit\u00e9 nationale \u00bb et \u00ab propagande contre le syst\u00e8me \u00bb, est sortie de prison en f\u00e9vrier. Pour autant, il est encore impossible \u00e0 la Franco-Iranienne de quitter le territoire et de rejoindre l\u2019Hexagone. Son compagnon et coll\u00e8gue,\u00a0<a rel=\"noreferrer noopener\" href=\"https:\/\/www.leparisien.fr\/international\/iran-le-chercheur-francais-roland-marchal-emprisonne-depuis-juin-a-ete-libere-21-03-2020-8284872.php\" target=\"_blank\">Roland Marchal<\/a>, \u00e0 ses c\u00f4t\u00e9s lors de l\u2019arrestation, avait \u00e9t\u00e9 lib\u00e9r\u00e9 en mars 2020.<\/p>\n\n\n\n<ul class=\"wp-block-list\">\n<li><strong>Louis Arnaud<\/strong><\/li>\n<\/ul>\n\n\n\n<p>Passionn\u00e9 de voyage \u00e2g\u00e9 de 35 ans,\u00a0<a rel=\"noreferrer noopener\" href=\"https:\/\/www.leparisien.fr\/international\/iran-louis-arnaud-35-ans-fait-partie-des-sept-francais-detenus-par-teheran-26-01-2023-6KCCTYW4NJD6LAN4LYNVIHYYNI.php\" target=\"_blank\">Louis Arnaud<\/a>\u00a0travaille dans la banque en tant que consultant. Son arrestation, le 28 septembre \u00e0 T\u00e9h\u00e9ran, apr\u00e8s avoir entrepris un tour du monde, l\u2019a conduit dans la prison d\u2019Evin, o\u00f9 il fait face \u00e0 des conditions de d\u00e9tention \u00ab tr\u00e8s rudes \u00bb, selon ses parents. Ces derniers, Jean-Michel et Sylvie Arnaud, ont d\u00e9cid\u00e9 de rendre public le nom de leur fils pour \u00ab alerter et mobiliser plus largement le public sur la situation \u00bb des otages fran\u00e7ais dans le pays.<\/p>\n\n\n\n<p>Des otages d\u2019\u00c9tat \u00bb, selon les termes du minist\u00e8re fran\u00e7ais des Affaires \u00e9trang\u00e8res, parmi lesquels figure une cinqui\u00e8me personne, dont l\u2019identit\u00e9 n\u2019a jamais \u00e9t\u00e9 rendue publique.<\/p>\n\n\n\n<p>Comme la France, d\u2019autres pays europ\u00e9ens accusent T\u00e9h\u00e9ran de d\u00e9tenir des dizaines d\u2019\u00e9trangers sous des motifs fallacieux dans une strat\u00e9gie visant \u00e0 arracher des concessions \u00e0 l\u2019Occident. Face au r\u00e9gime qui multiplie les emprisonnements et les condamnations \u00e0 mort, la marge de man\u0153uvre pour tenter de les lib\u00e9rer s\u2019est fortement r\u00e9duite.<\/p>\n","protected":false},"excerpt":{"rendered":"<p>\u00c0 chaque lib\u00e9ration, son soulagement. Ce vendredi, le Quai d\u2019Orsay a annonc\u00e9&nbsp;les lib\u00e9rations de Benjamin Bri\u00e8re et Bernard Phelan. Les deux hommes \u00e9taient d\u00e9tenus dans la prison de Mashhad, dans le nord-est de l\u2019Iran, pays dans lequel quatre Fran\u00e7ais restent encore prisonniers. La chercheuse franco-iranienne Fariba Adelkhah, lib\u00e9r\u00e9e le 10 f\u00e9vrier, a quant \u00e0 elle [&hellip;]<\/p>\n","protected":false},"author":2,"featured_media":24788,"comment_status":"open","ping_status":"open","sticky":false,"template":"","format":"standard","meta":{"_jetpack_memberships_contains_paid_content":false,"footnotes":"","jetpack_publicize_message":"","jetpack_publicize_feature_enabled":true,"jetpack_social_post_already_shared":true,"jetpack_social_options":{"image_generator_settings":{"template":"highway","default_image_id":0,"font":"","enabled":false},"version":2},"_wpas_customize_per_network":false},"categories":[405],"tags":[],"class_list":["post-24787","post","type-post","status-publish","format-standard","has-post-thumbnail","hentry","category-actu-france-monde"],"jetpack_publicize_connections":[],"jetpack_featured_media_url":"https:\/\/i0.wp.com\/www.iceagetv.com\/radiosite\/wp-content\/uploads\/2023\/05\/QBLPSQMSGNGOVBEIQZDFEUUJPA.jpg?fit=932%2C582&ssl=1","jetpack_sharing_enabled":true,"_links":{"self":[{"href":"https:\/\/www.iceagetv.com\/radiosite\/wp-json\/wp\/v2\/posts\/24787","targetHints":{"allow":["GET"]}}],"collection":[{"href":"https:\/\/www.iceagetv.com\/radiosite\/wp-json\/wp\/v2\/posts"}],"about":[{"href":"https:\/\/www.iceagetv.com\/radiosite\/wp-json\/wp\/v2\/types\/post"}],"author":[{"embeddable":true,"href":"https:\/\/www.iceagetv.com\/radiosite\/wp-json\/wp\/v2\/users\/2"}],"replies":[{"embeddable":true,"href":"https:\/\/www.iceagetv.com\/radiosite\/wp-json\/wp\/v2\/comments?post=24787"}],"version-history":[{"count":1,"href":"https:\/\/www.iceagetv.com\/radiosite\/wp-json\/wp\/v2\/posts\/24787\/revisions"}],"predecessor-version":[{"id":24789,"href":"https:\/\/www.iceagetv.com\/radiosite\/wp-json\/wp\/v2\/posts\/24787\/revisions\/24789"}],"wp:featuredmedia":[{"embeddable":true,"href":"https:\/\/www.iceagetv.com\/radiosite\/wp-json\/wp\/v2\/media\/24788"}],"wp:attachment":[{"href":"https:\/\/www.iceagetv.com\/radiosite\/wp-json\/wp\/v2\/media?parent=24787"}],"wp:term":[{"taxonomy":"category","embeddable":true,"href":"https:\/\/www.iceagetv.com\/radiosite\/wp-json\/wp\/v2\/categories?post=24787"},{"taxonomy":"post_tag","embeddable":true,"href":"https:\/\/www.iceagetv.com\/radiosite\/wp-json\/wp\/v2\/tags?post=24787"}],"curies":[{"name":"wp","href":"https:\/\/api.w.org\/{rel}","templated":true}]}}