{"id":2485,"date":"2015-07-16T15:24:53","date_gmt":"2015-07-16T15:24:53","guid":{"rendered":"http:\/\/www.iceagetv.com\/radiosite\/?p=2485"},"modified":"2015-07-16T15:24:53","modified_gmt":"2015-07-16T15:24:53","slug":"le-prix-de-lelectricite-en-france-augmentera-de-25-au-1er-aout","status":"publish","type":"post","link":"https:\/\/www.iceagetv.com\/radiosite\/le-prix-de-lelectricite-en-france-augmentera-de-25-au-1er-aout\/","title":{"rendered":"Le prix de l&rsquo;\u00e9lectricit\u00e9 en France augmentera de 2,5% au 1er ao\u00fbt"},"content":{"rendered":"<p>\n\tLes tarifs de l&#39;&eacute;lectricit&eacute; en France augmenteront de 2,5% en moyenne le 1er ao&ucirc;t, a indiqu&eacute; jeudi la ministre de l&#39;Ecologie et de l&#39;Energie, S&eacute;gol&egrave;ne Royal. Elle a pr&eacute;cis&eacute; qu&#39;il n&#39;y aurait pas de hausse pour certains consommateurs, notamment les artisans, les commer&ccedil;ants, les petites entreprises. Hier, un rapport de la Commission de r&eacute;gulation de l&#39;&eacute;nergie (CRE) estimait qu&#39;une hausse des tarifs comprise entre 3,5% et 8% pour les m&eacute;nages et des petits professionnels &eacute;tait n&eacute;cessaire pour compenser l&#39;insuffisance des augmentations survenues depuis 2012.<\/p>\n","protected":false},"excerpt":{"rendered":"<p>Les tarifs de l&#39;&eacute;lectricit&eacute; en France augmenteront de 2,5% en moyenne le 1er ao&ucirc;t, a indiqu&eacute; jeudi la ministre de l&#39;Ecologie et de l&#39;Energie, S&eacute;gol&egrave;ne Royal. Elle a pr&eacute;cis&eacute; qu&#39;il n&#39;y aurait pas de hausse pour certains consommateurs, notamment les artisans, les commer&ccedil;ants, les petites entreprises. Hier, un rapport de la Commission de r&eacute;gulation de [&hellip;]<\/p>\n","protected":false},"author":2,"featured_media":0,"comment_status":"open","ping_status":"open","sticky":false,"template":"","format":"standard","meta":{"_jetpack_memberships_contains_paid_content":false,"footnotes":"","jetpack_publicize_message":"","jetpack_publicize_feature_enabled":true,"jetpack_social_post_already_shared":false,"jetpack_social_options":{"image_generator_settings":{"template":"highway","default_image_id":0,"font":"","enabled":false},"version":2},"_wpas_customize_per_network":false},"categories":[405],"tags":[],"class_list":["post-2485","post","type-post","status-publish","format-standard","hentry","category-actu-france-monde"],"jetpack_publicize_connections":[],"jetpack_featured_media_url":"","jetpack_sharing_enabled":true,"_links":{"self":[{"href":"https:\/\/www.iceagetv.com\/radiosite\/wp-json\/wp\/v2\/posts\/2485","targetHints":{"allow":["GET"]}}],"collection":[{"href":"https:\/\/www.iceagetv.com\/radiosite\/wp-json\/wp\/v2\/posts"}],"about":[{"href":"https:\/\/www.iceagetv.com\/radiosite\/wp-json\/wp\/v2\/types\/post"}],"author":[{"embeddable":true,"href":"https:\/\/www.iceagetv.com\/radiosite\/wp-json\/wp\/v2\/users\/2"}],"replies":[{"embeddable":true,"href":"https:\/\/www.iceagetv.com\/radiosite\/wp-json\/wp\/v2\/comments?post=2485"}],"version-history":[{"count":1,"href":"https:\/\/www.iceagetv.com\/radiosite\/wp-json\/wp\/v2\/posts\/2485\/revisions"}],"predecessor-version":[{"id":2486,"href":"https:\/\/www.iceagetv.com\/radiosite\/wp-json\/wp\/v2\/posts\/2485\/revisions\/2486"}],"wp:attachment":[{"href":"https:\/\/www.iceagetv.com\/radiosite\/wp-json\/wp\/v2\/media?parent=2485"}],"wp:term":[{"taxonomy":"category","embeddable":true,"href":"https:\/\/www.iceagetv.com\/radiosite\/wp-json\/wp\/v2\/categories?post=2485"},{"taxonomy":"post_tag","embeddable":true,"href":"https:\/\/www.iceagetv.com\/radiosite\/wp-json\/wp\/v2\/tags?post=2485"}],"curies":[{"name":"wp","href":"https:\/\/api.w.org\/{rel}","templated":true}]}}