{"id":24882,"date":"2023-05-23T05:37:32","date_gmt":"2023-05-23T05:37:32","guid":{"rendered":"https:\/\/www.iceagetv.com\/radiosite\/?p=24882"},"modified":"2023-05-23T05:37:32","modified_gmt":"2023-05-23T05:37:32","slug":"chu-de-reims-carene-linfirmiere-de-38-ans-agressee-au-couteau-hier-est-morte-ce-matin-annonce-le-ministre-de-la-sante-lagresseur-avait-ete-juge-irresponsable-en-juin-202","status":"publish","type":"post","link":"https:\/\/www.iceagetv.com\/radiosite\/chu-de-reims-carene-linfirmiere-de-38-ans-agressee-au-couteau-hier-est-morte-ce-matin-annonce-le-ministre-de-la-sante-lagresseur-avait-ete-juge-irresponsable-en-juin-202\/","title":{"rendered":"CHU de Reims : Car\u00e8ne, l&rsquo;infirmi\u00e8re de 38 ans, agress\u00e9e au couteau hier est morte ce matin, annonce le Ministre de la sant\u00e9 &#8211; L&rsquo;agresseur avait \u00e9t\u00e9 jug\u00e9 \u00ab\u00a0irresponsable\u00a0\u00bb en juin 202"},"content":{"rendered":"\n<p><strong>L&rsquo;infirmi\u00e8re de 38 ans est morte ce matin, annonce le Ministre de la sant\u00e9<\/strong><\/p>\n\n\n\n<blockquote class=\"wp-block-quote is-layout-flow wp-block-quote-is-layout-flow\">\n<p>Je viens d\u2019apprendre avec une immense tristesse le d\u00e9c\u00e8s de Car\u00e8ne, infirmi\u00e8re de 38 ans violemment agress\u00e9e hier au&nbsp;<a href=\"https:\/\/twitter.com\/CHUdeReims?ref_src=twsrc%5Etfw\">@CHUdeReims<\/a>. Mes pens\u00e9es vont \u00e0 ses proches, \u00e0 ses coll\u00e8gues, ainsi qu\u2019\u00e0 toutes les \u00e9quipes de l\u2019h\u00f4pital endeuill\u00e9es ce matin.\u2014 Fran\u00e7ois Braun (@FrcsBraun)&nbsp;<a href=\"https:\/\/twitter.com\/FrcsBraun\/status\/1660877364845326336?ref_src=twsrc%5Etfw\">May 23, 2023<\/a><\/p>\n<\/blockquote>\n\n\n\n<p><strong> L&rsquo;homme qui a agress\u00e9 les deux femmes est un R\u00e9mois de 59 ans<\/strong>, qui \u00ab\u00a0semble avoir agi sans mobile apparent, d&rsquo;autant qu&rsquo;il n&rsquo;avait pas de rendez-vous dans ce service\u00a0\u00bb de \u00ab\u00a0m\u00e9decine et sant\u00e9 au travail\u00a0\u00bb, d&rsquo;apr\u00e8s le communiqu\u00e9 du procureur. Il avait \u00e9t\u00e9 auparavant mis en examen \u00e0 Ch\u00e2lons-en-Champagne \u00ab\u00a0pour des faits de violences aggrav\u00e9es\u00a0\u00bb, a-t-on appris aupr\u00e8s du parquet.\u00a0<strong>Il \u00ab\u00a0avait b\u00e9n\u00e9fici\u00e9 en juin 2022 d\u2019une ordonnance de non-lieu pour irresponsabilit\u00e9 p\u00e9nale, et ce dossier devait tout prochainement \u00eatre \u00e9voqu\u00e9 par la chambre de l\u2019instruction de la Cour d\u2019appel de Reims pour statuer sur les mesures de s\u00fbret\u00e9 susceptibles d\u2019\u00eatre prises\u00a0\u00bb<\/strong><\/p>\n","protected":false},"excerpt":{"rendered":"<p>L&rsquo;infirmi\u00e8re de 38 ans est morte ce matin, annonce le Ministre de la sant\u00e9 Je viens d\u2019apprendre avec une immense tristesse le d\u00e9c\u00e8s de Car\u00e8ne, infirmi\u00e8re de 38 ans violemment agress\u00e9e hier au&nbsp;@CHUdeReims. Mes pens\u00e9es vont \u00e0 ses proches, \u00e0 ses coll\u00e8gues, ainsi qu\u2019\u00e0 toutes les \u00e9quipes de l\u2019h\u00f4pital endeuill\u00e9es ce matin.\u2014 Fran\u00e7ois Braun (@FrcsBraun)&nbsp;May [&hellip;]<\/p>\n","protected":false},"author":2,"featured_media":24883,"comment_status":"open","ping_status":"open","sticky":false,"template":"","format":"standard","meta":{"_jetpack_memberships_contains_paid_content":false,"footnotes":"","jetpack_publicize_message":"","jetpack_publicize_feature_enabled":true,"jetpack_social_post_already_shared":true,"jetpack_social_options":{"image_generator_settings":{"template":"highway","default_image_id":0,"font":"","enabled":false},"version":2},"_wpas_customize_per_network":false},"categories":[405],"tags":[],"class_list":["post-24882","post","type-post","status-publish","format-standard","has-post-thumbnail","hentry","category-actu-france-monde"],"jetpack_publicize_connections":[],"jetpack_featured_media_url":"https:\/\/i0.wp.com\/www.iceagetv.com\/radiosite\/wp-content\/uploads\/2023\/05\/xvsvd_0.jpg?fit=920%2C397&ssl=1","jetpack_sharing_enabled":true,"_links":{"self":[{"href":"https:\/\/www.iceagetv.com\/radiosite\/wp-json\/wp\/v2\/posts\/24882","targetHints":{"allow":["GET"]}}],"collection":[{"href":"https:\/\/www.iceagetv.com\/radiosite\/wp-json\/wp\/v2\/posts"}],"about":[{"href":"https:\/\/www.iceagetv.com\/radiosite\/wp-json\/wp\/v2\/types\/post"}],"author":[{"embeddable":true,"href":"https:\/\/www.iceagetv.com\/radiosite\/wp-json\/wp\/v2\/users\/2"}],"replies":[{"embeddable":true,"href":"https:\/\/www.iceagetv.com\/radiosite\/wp-json\/wp\/v2\/comments?post=24882"}],"version-history":[{"count":1,"href":"https:\/\/www.iceagetv.com\/radiosite\/wp-json\/wp\/v2\/posts\/24882\/revisions"}],"predecessor-version":[{"id":24884,"href":"https:\/\/www.iceagetv.com\/radiosite\/wp-json\/wp\/v2\/posts\/24882\/revisions\/24884"}],"wp:featuredmedia":[{"embeddable":true,"href":"https:\/\/www.iceagetv.com\/radiosite\/wp-json\/wp\/v2\/media\/24883"}],"wp:attachment":[{"href":"https:\/\/www.iceagetv.com\/radiosite\/wp-json\/wp\/v2\/media?parent=24882"}],"wp:term":[{"taxonomy":"category","embeddable":true,"href":"https:\/\/www.iceagetv.com\/radiosite\/wp-json\/wp\/v2\/categories?post=24882"},{"taxonomy":"post_tag","embeddable":true,"href":"https:\/\/www.iceagetv.com\/radiosite\/wp-json\/wp\/v2\/tags?post=24882"}],"curies":[{"name":"wp","href":"https:\/\/api.w.org\/{rel}","templated":true}]}}