{"id":24892,"date":"2023-05-24T11:11:52","date_gmt":"2023-05-24T11:11:52","guid":{"rendered":"https:\/\/www.iceagetv.com\/radiosite\/?p=24892"},"modified":"2023-05-24T11:11:52","modified_gmt":"2023-05-24T11:11:52","slug":"lislamologue-suisse-tariq-ramadan-a-ete-acquitte-apres-son-proces-pour-viol-en-suisse-il-etait-juge-pour-le-viol-dune-femme-en-2008-dans-une-chambre-dhotel-a-geneve","status":"publish","type":"post","link":"https:\/\/www.iceagetv.com\/radiosite\/lislamologue-suisse-tariq-ramadan-a-ete-acquitte-apres-son-proces-pour-viol-en-suisse-il-etait-juge-pour-le-viol-dune-femme-en-2008-dans-une-chambre-dhotel-a-geneve\/","title":{"rendered":"L&rsquo;islamologue suisse Tariq Ramadan a \u00e9t\u00e9 acquitt\u00e9 apr\u00e8s son proc\u00e8s pour viol en Suisse &#8211; Il \u00e9tait jug\u00e9 pour le viol d&rsquo;une femme en 2008 dans une chambre d&rsquo;h\u00f4tel \u00e0 Gen\u00e8ve"},"content":{"rendered":"\n<p>L&rsquo;islamologue Tariq Ramadan a \u00e9t\u00e9 acquitt\u00e9 mercredi de l&rsquo;accusation de viol et contrainte sexuelle par un tribunal genevois qui a jug\u00e9 qu&rsquo;il n&rsquo;y avait pas de preuve contre lui. Il recevra par ailleurs environ 151.000 francs suisses (environ 154.400 euros) d&rsquo;indemnit\u00e9s de l&rsquo;Etat de Gen\u00e8ve. Trois ans de prison dont la moiti\u00e9 ferme avaient \u00e9t\u00e9 requis la semaine derni\u00e8re par le procureur genevois.<\/p>\n\n\n\n<p>Tariq Ramadan, \u00e2g\u00e9 de 60 ans aujourd&rsquo;hui, \u00e9tait pour la premi\u00e8re fois jug\u00e9 pour viol, mais il est menac\u00e9 d&rsquo;un proc\u00e8s en France pour des faits similaires. Son proc\u00e8s, tr\u00e8s attendu, a mis au jour deux versions oppos\u00e9es des faits. M. Ramadan, figure charismatique et contest\u00e9e de l&rsquo;islam europ\u00e9en, nie tout acte sexuel et se dit victime d&rsquo;un \u00ab\u00a0pi\u00e8ge\u00a0\u00bb.<\/p>\n\n\n\n<p>Convertie \u00e0 l&rsquo;islam, la plaignante, \u00ab\u00a0Brigitte\u00a0\u00bb, qui a choisi ce pseudonyme pour se prot\u00e9ger des menaces, assure en revanche que l&rsquo;islamologue l&rsquo;a soumise \u00e0 des actes sexuels brutaux accompagn\u00e9s de coups et d&rsquo;insultes dans la chambre de l&rsquo;h\u00f4tel genevois o\u00f9 il s\u00e9journait, la nuit du 28 octobre 2008.<\/p>\n\n\n\n<p>Lors des trois jours d&rsquo;audience, la semaine derni\u00e8re \u00e0 Gen\u00e8ve, un paravent les s\u00e9parait afin qu&rsquo;elle n&rsquo;ait pas \u00e0 le voir. \u00ab\u00a0Brigitte\u00a0\u00bb, aujourd&rsquo;hui \u00e2g\u00e9e de 57 ans, a port\u00e9 plainte dix ans apr\u00e8s les faits, en 2018, encourag\u00e9e, a-t-elle expliqu\u00e9, par le fait que d&rsquo;autres femmes aient fait de m\u00eame contre Tariq Ramadan en France.<\/p>\n\n\n\n<p>Docteur de l&rsquo;universit\u00e9 de Gen\u00e8ve, o\u00f9 il a \u00e9crit une th\u00e8se sur le fondateur de la confr\u00e9rie \u00e9gyptienne islamiste des Fr\u00e8res musulmans qui \u00e9tait son grand-p\u00e8re, Tariq Ramadan a \u00e9t\u00e9 professeur d&rsquo;\u00e9tudes islamiques contemporaines \u00e0 l&rsquo;universit\u00e9 d&rsquo;Oxford, au Royaume-Uni, et invit\u00e9 de nombreuses universit\u00e9s au Maroc, en Malaisie, au Japon ou au Qatar.<\/p>\n\n\n\n<p>En France, il est soup\u00e7onn\u00e9 de viols commis entre 2009 et 2016 sur quatre femmes, une affaire qui a d\u00e9clench\u00e9 sa chute en 2017. Le parquet de Paris a requis en juillet son renvoi devant une cour d&rsquo;assises et il appartient aux juges d&rsquo;instruction d&rsquo;ordonner un proc\u00e8s ou pas. Le dossier fran\u00e7ais lui a valu plus de neuf mois de d\u00e9tention provisoire en 2018.<\/p>\n","protected":false},"excerpt":{"rendered":"<p>L&rsquo;islamologue Tariq Ramadan a \u00e9t\u00e9 acquitt\u00e9 mercredi de l&rsquo;accusation de viol et contrainte sexuelle par un tribunal genevois qui a jug\u00e9 qu&rsquo;il n&rsquo;y avait pas de preuve contre lui. Il recevra par ailleurs environ 151.000 francs suisses (environ 154.400 euros) d&rsquo;indemnit\u00e9s de l&rsquo;Etat de Gen\u00e8ve. Trois ans de prison dont la moiti\u00e9 ferme avaient \u00e9t\u00e9 [&hellip;]<\/p>\n","protected":false},"author":2,"featured_media":24893,"comment_status":"open","ping_status":"open","sticky":false,"template":"","format":"standard","meta":{"_jetpack_memberships_contains_paid_content":false,"footnotes":"","jetpack_publicize_message":"","jetpack_publicize_feature_enabled":true,"jetpack_social_post_already_shared":true,"jetpack_social_options":{"image_generator_settings":{"template":"highway","default_image_id":0,"font":"","enabled":false},"version":2},"_wpas_customize_per_network":false},"categories":[405],"tags":[],"class_list":["post-24892","post","type-post","status-publish","format-standard","has-post-thumbnail","hentry","category-actu-france-monde"],"jetpack_publicize_connections":[],"jetpack_featured_media_url":"https:\/\/i0.wp.com\/www.iceagetv.com\/radiosite\/wp-content\/uploads\/2023\/05\/Lislamologue-suisse-Tariq-Ramadan.png?fit=675%2C350&ssl=1","jetpack_sharing_enabled":true,"_links":{"self":[{"href":"https:\/\/www.iceagetv.com\/radiosite\/wp-json\/wp\/v2\/posts\/24892","targetHints":{"allow":["GET"]}}],"collection":[{"href":"https:\/\/www.iceagetv.com\/radiosite\/wp-json\/wp\/v2\/posts"}],"about":[{"href":"https:\/\/www.iceagetv.com\/radiosite\/wp-json\/wp\/v2\/types\/post"}],"author":[{"embeddable":true,"href":"https:\/\/www.iceagetv.com\/radiosite\/wp-json\/wp\/v2\/users\/2"}],"replies":[{"embeddable":true,"href":"https:\/\/www.iceagetv.com\/radiosite\/wp-json\/wp\/v2\/comments?post=24892"}],"version-history":[{"count":1,"href":"https:\/\/www.iceagetv.com\/radiosite\/wp-json\/wp\/v2\/posts\/24892\/revisions"}],"predecessor-version":[{"id":24894,"href":"https:\/\/www.iceagetv.com\/radiosite\/wp-json\/wp\/v2\/posts\/24892\/revisions\/24894"}],"wp:featuredmedia":[{"embeddable":true,"href":"https:\/\/www.iceagetv.com\/radiosite\/wp-json\/wp\/v2\/media\/24893"}],"wp:attachment":[{"href":"https:\/\/www.iceagetv.com\/radiosite\/wp-json\/wp\/v2\/media?parent=24892"}],"wp:term":[{"taxonomy":"category","embeddable":true,"href":"https:\/\/www.iceagetv.com\/radiosite\/wp-json\/wp\/v2\/categories?post=24892"},{"taxonomy":"post_tag","embeddable":true,"href":"https:\/\/www.iceagetv.com\/radiosite\/wp-json\/wp\/v2\/tags?post=24892"}],"curies":[{"name":"wp","href":"https:\/\/api.w.org\/{rel}","templated":true}]}}