{"id":24915,"date":"2023-05-26T15:40:18","date_gmt":"2023-05-26T15:40:18","guid":{"rendered":"https:\/\/www.iceagetv.com\/radiosite\/?p=24915"},"modified":"2023-05-26T15:40:18","modified_gmt":"2023-05-26T15:40:18","slug":"probleme-de-sante-le-pape-francois-a-annule-ce-matin-tous-ses-rendez-vous-en-raison-dun-etat-fievreux-indique-le-vatican","status":"publish","type":"post","link":"https:\/\/www.iceagetv.com\/radiosite\/probleme-de-sante-le-pape-francois-a-annule-ce-matin-tous-ses-rendez-vous-en-raison-dun-etat-fievreux-indique-le-vatican\/","title":{"rendered":"Probl\u00e8me de sant\u00e9 &#8211; Le pape Fran\u00e7ois a annul\u00e9 ce matin tous ses rendez-vous \u00ab\u00a0en raison d\u2019un \u00e9tat fi\u00e9vreux\u00a0\u00bb, indique le Vatican"},"content":{"rendered":"\n<p>Le pape Fran\u00e7ois, 86 ans, a annul\u00e9 vendredi matin ses rendez-vous en raison d\u2019un \u00e9tat fi\u00e9vreux, a indiqu\u00e9 le Vatican sur fond de pr\u00e9occupations r\u00e9guli\u00e8res autour de la sant\u00e9 du pontife argentin. \u00ab&nbsp;En raison d\u2019un \u00e9tat fi\u00e9vreux, le pape Fran\u00e7ois n\u2019a pas re\u00e7u en audience ce matin&nbsp;\u00bb, a d\u00e9clar\u00e9 le porte-parole du Saint-Si\u00e8ge Matteo Bruni, sans pr\u00e9ciser quel \u00e9tait le programme pr\u00e9vu du pape argentin dans la matin\u00e9e.<\/p>\n\n\n\n<p>Cette annonce intervient deux mois apr\u00e8s l\u2019hospitalisation du pape pendant trois jours \u00e0 Rome fin mars en raison d\u2019une pneumonie, dont il \u00e9tait ressorti \u00e0 l\u2019issue d\u2019une cure d\u2019antibiotiques. Le pape Fran\u00e7ois a confi\u00e9 jeudi lors d\u2019une interview avec la t\u00e9l\u00e9vision hispanophone Telemundo que cette pneumonie avait \u00e9t\u00e9 trait\u00e9e \u00ab&nbsp;\u00e0 temps&nbsp;\u00bb. \u00ab&nbsp;Si on avait attendu quelques heures de plus, \u00e7a aurait \u00e9t\u00e9 bien plus grave&nbsp;\u00bb, a-t-il affirm\u00e9.<\/p>\n\n\n\n<p>Quant \u00e0 ses douleurs au genou, qui l\u2019obligent \u00e0 se d\u00e9placer en fauteuil roulant ou \u00e0 l\u2019aide d\u2019une canne, il a indiqu\u00e9 se sentir \u00ab&nbsp;beaucoup mieux&nbsp;\u00bb. \u00ab&nbsp;Certains jours sont plus douloureux que d\u2019autres, comme aujourd\u2019hui, mais cela fait partie de la r\u00e9cup\u00e9ration&nbsp;\u00bb, a-t-il affirm\u00e9.<\/p>\n\n\n\n<p>Interrog\u00e9 sur sa sant\u00e9 fin avril, au retour d\u2019un voyage en Hongrie, le pape avait fait part de son intention de continuer \u00e0 voyager: il doit se rendre \u00e0 Lisbonne du 2 au 6 ao\u00fbt pour les Journ\u00e9es mondiales de la jeunesse (JMJ) puis \u00e0 Marseille en septembre, ainsi qu\u2019en Mongolie.<\/p>\n","protected":false},"excerpt":{"rendered":"<p>Le pape Fran\u00e7ois, 86 ans, a annul\u00e9 vendredi matin ses rendez-vous en raison d\u2019un \u00e9tat fi\u00e9vreux, a indiqu\u00e9 le Vatican sur fond de pr\u00e9occupations r\u00e9guli\u00e8res autour de la sant\u00e9 du pontife argentin. \u00ab&nbsp;En raison d\u2019un \u00e9tat fi\u00e9vreux, le pape Fran\u00e7ois n\u2019a pas re\u00e7u en audience ce matin&nbsp;\u00bb, a d\u00e9clar\u00e9 le porte-parole du Saint-Si\u00e8ge Matteo Bruni, [&hellip;]<\/p>\n","protected":false},"author":2,"featured_media":24916,"comment_status":"open","ping_status":"open","sticky":false,"template":"","format":"standard","meta":{"_jetpack_memberships_contains_paid_content":false,"footnotes":"","jetpack_publicize_message":"","jetpack_publicize_feature_enabled":true,"jetpack_social_post_already_shared":true,"jetpack_social_options":{"image_generator_settings":{"template":"highway","default_image_id":0,"font":"","enabled":false},"version":2},"_wpas_customize_per_network":false},"categories":[405],"tags":[],"class_list":["post-24915","post","type-post","status-publish","format-standard","has-post-thumbnail","hentry","category-actu-france-monde"],"jetpack_publicize_connections":[],"jetpack_featured_media_url":"https:\/\/i0.wp.com\/www.iceagetv.com\/radiosite\/wp-content\/uploads\/2023\/05\/M0hi0wdR.jpg?fit=899%2C388&ssl=1","jetpack_sharing_enabled":true,"_links":{"self":[{"href":"https:\/\/www.iceagetv.com\/radiosite\/wp-json\/wp\/v2\/posts\/24915","targetHints":{"allow":["GET"]}}],"collection":[{"href":"https:\/\/www.iceagetv.com\/radiosite\/wp-json\/wp\/v2\/posts"}],"about":[{"href":"https:\/\/www.iceagetv.com\/radiosite\/wp-json\/wp\/v2\/types\/post"}],"author":[{"embeddable":true,"href":"https:\/\/www.iceagetv.com\/radiosite\/wp-json\/wp\/v2\/users\/2"}],"replies":[{"embeddable":true,"href":"https:\/\/www.iceagetv.com\/radiosite\/wp-json\/wp\/v2\/comments?post=24915"}],"version-history":[{"count":1,"href":"https:\/\/www.iceagetv.com\/radiosite\/wp-json\/wp\/v2\/posts\/24915\/revisions"}],"predecessor-version":[{"id":24917,"href":"https:\/\/www.iceagetv.com\/radiosite\/wp-json\/wp\/v2\/posts\/24915\/revisions\/24917"}],"wp:featuredmedia":[{"embeddable":true,"href":"https:\/\/www.iceagetv.com\/radiosite\/wp-json\/wp\/v2\/media\/24916"}],"wp:attachment":[{"href":"https:\/\/www.iceagetv.com\/radiosite\/wp-json\/wp\/v2\/media?parent=24915"}],"wp:term":[{"taxonomy":"category","embeddable":true,"href":"https:\/\/www.iceagetv.com\/radiosite\/wp-json\/wp\/v2\/categories?post=24915"},{"taxonomy":"post_tag","embeddable":true,"href":"https:\/\/www.iceagetv.com\/radiosite\/wp-json\/wp\/v2\/tags?post=24915"}],"curies":[{"name":"wp","href":"https:\/\/api.w.org\/{rel}","templated":true}]}}