{"id":24918,"date":"2023-05-26T16:23:01","date_gmt":"2023-05-26T16:23:01","guid":{"rendered":"https:\/\/www.iceagetv.com\/radiosite\/?p=24918"},"modified":"2023-05-26T16:23:01","modified_gmt":"2023-05-26T16:23:01","slug":"enlevement-de-la-jeune-eya-10-ans-en-isere-le-pere-et-son-complice-viennent-detre-interpelles-au-danemark","status":"publish","type":"post","link":"https:\/\/www.iceagetv.com\/radiosite\/enlevement-de-la-jeune-eya-10-ans-en-isere-le-pere-et-son-complice-viennent-detre-interpelles-au-danemark\/","title":{"rendered":"Enl\u00e8vement de la jeune Eya, 10 ans, en Is\u00e8re : Le p\u00e8re et son complice viennent d&rsquo;\u00eatre interpell\u00e9s au Danemark"},"content":{"rendered":"\n<p><strong>Des mandats d&rsquo;arr\u00eats europ\u00e9ens \u00e9mis contre le p\u00e8re et un complice.<\/strong>&nbsp;\u00abLes services de police europ\u00e9ens et les magistrats de liaison fran\u00e7ais en poste dans les pays dans lesquels le p\u00e8re est susceptible de se rendre sont en alerte\u00bb, abonde Eric Vaillant, qui fait par ailleurs savoir que \u00abdes mandats d&rsquo;arr\u00eats ont \u00e9t\u00e9 d\u00e9livr\u00e9s par le juge d&rsquo;instruction, diffus\u00e9s dans le cadre d&rsquo;un mandat d&rsquo;arr\u00eat europ\u00e9en.\u00bb<\/p>\n\n\n\n<p>De son c\u00f4t\u00e9, le procureur de Grenoble fait savoir que \u00abdes \u00e9l\u00e9ments en notre possession laissent penser que le p\u00e8re, son complice et l&rsquo;enfant sont maintenant \u00e0 l&rsquo;\u00e9tranger.\u00bb Une information judiciaire a \u00e9t\u00e9 ouverte pour \u00abviolences aggrav\u00e9es\u00bb sur la m\u00e8re de l&rsquo;enfant et la fillette, \u00absoustraction par ascendant\u00bb et \u00abcomplicit\u00e9 de soustraction par ascendant\u00bb.<\/p>\n\n\n\n<p>Au lendemain de l&rsquo;enl\u00e8vement d&rsquo;Eya, 10 ans, dans la banlieue de Grenoble \u00e0 Fontaine (Is\u00e8re), une information judiciaire a \u00e9t\u00e9 ouverte ce vendredi \u00e0 14h des chefs de violences aggrav\u00e9es de trois circonstances. Ces circonstances sont l&rsquo;incapacit\u00e9 totale de travail (ITT) inf\u00e9rieur \u00e0 8 jours sur la m\u00e8re de l&rsquo;enfant et les violences sans ITT sur la petite fille pour le p\u00e8re de l&rsquo;enfant et son complice, et soustraction par ascendant pour le p\u00e8re, complicit\u00e9 de soustraction par ascendant pour l&rsquo;homme qui l&rsquo;accompagne. Des mandats d&rsquo;arr\u00eat ont \u00e9galement \u00e9t\u00e9 d\u00e9livr\u00e9s par le juge d\u2019instruction, diffus\u00e9s dans le cadre d&rsquo;un mandat d\u2019arr\u00eat europ\u00e9en.<\/p>\n\n\n\n<p><strong>Le point sur ce que l&rsquo;on sait \u00e0 la mi-journ\u00e9e<\/strong><\/p>\n\n\n\n<p>La petite Eya, 10 ans, enlev\u00e9e violemment par son p\u00e8re en Is\u00e8re jeudi sur le chemin de l&rsquo;\u00e9cole, \u00e9tait toujours recherch\u00e9e vendredi, les enqu\u00eateurs s&rsquo;orientant d\u00e9sormais vers la piste d&rsquo;un d\u00e9part \u00e0 l&rsquo;\u00e9tranger. \u00ab\u00a0Les \u00e9l\u00e9ments en notre possession laissent penser que le p\u00e8re, son complice et l&rsquo;enfant sont maintenant \u00e0 l&rsquo;\u00e9tranger\u00a0\u00bb, a indiqu\u00e9 le procureur de Grenoble Eric Vaillant dans un communiqu\u00e9 en fin de matin\u00e9e.<\/p>\n\n\n\n<p>\u00ab\u00a0Les pays de destination possibles sont \u00e9videmment la Su\u00e8de et la Tunisie\u00a0\u00bb, a-t-il ajout\u00e9, ces deux pays correspondant \u00e0 la double nationalit\u00e9 du p\u00e8re, \u00e2g\u00e9 de 53 ans. Plus t\u00f4t dans la matin\u00e9e, le parquet, qui va ouvrir une information judiciaire \u00ab\u00a0afin d&rsquo;obtenir la d\u00e9livrance des mandats d&rsquo;arr\u00eat\u00a0\u00bb, avait lev\u00e9 l&rsquo;alerte enl\u00e8vement d\u00e9clench\u00e9e jeudi soir. \u00ab\u00a0Il a \u00e9t\u00e9 mis fin \u00e0 l&rsquo;alerte enl\u00e8vement mais l&rsquo;enqu\u00eate se poursuit bien \u00e9videmment, Eya n&rsquo;\u00e9tant pas encore \u00e9t\u00e9 retrouv\u00e9e.<\/p>\n\n\n\n<p>La police judiciaire a re\u00e7u environ 70 messages dont certains sont encore en cours d&rsquo;exploitation\u00a0\u00bb, a expliqu\u00e9 le procureur. \u00ab\u00a0Les services de police europ\u00e9ens et les magistrats de liaison fran\u00e7ais en poste dans les pays dans lesquels le p\u00e8re est susceptible de se rendre sont en alerte\u00a0\u00bb, a pr\u00e9cis\u00e9 le parquet.<\/p>\n\n\n\n<p>La fillette de 10 ans a \u00e9t\u00e9 enlev\u00e9e jeudi vers 08H15 pendant qu&rsquo;elle marchait avec sa m\u00e8re dans la rue pour se rendre \u00e0 son \u00e9cole de Fontaine, en banlieue de Grenoble, o\u00f9 elle est scolaris\u00e9e en CM2. Selon le parquet, le p\u00e8re \u00ab\u00a0et un complice encagoul\u00e9\u00a0\u00bb ont \u00ab\u00a0gaz\u00e9 avec du produit lacrymog\u00e8ne la m\u00e8re de la petite fille\u00a0\u00bb avant de s&#8217;emparer d&rsquo;Eya.<\/p>\n\n\n\n<p>La m\u00e8re, 33 ans, a expliqu\u00e9 au Dauphin\u00e9 Lib\u00e9r\u00e9 jeudi qu&rsquo;elles avaient \u00e9t\u00e9 soudainement bloqu\u00e9es par un v\u00e9hicule, \u00e0 l&rsquo;int\u00e9rieur duquel elle dit avoir reconnu le p\u00e8re de l&rsquo;enfant. Pendant que le conducteur l&rsquo;aspergeait de gaz lacrymog\u00e8ne, son \u00ab\u00a0ex-mari a attrap\u00e9 (l&rsquo;enfant) par les cheveux et l&rsquo;a fait monter de force sur la banquette arri\u00e8re avec lui\u00a0\u00bb, a-t-elle encore affirm\u00e9, disant craindre qu&rsquo;il ne l&#8217;emm\u00e8ne \u00e0 l&rsquo;\u00e9tranger.<\/p>\n","protected":false},"excerpt":{"rendered":"<p>Des mandats d&rsquo;arr\u00eats europ\u00e9ens \u00e9mis contre le p\u00e8re et un complice.&nbsp;\u00abLes services de police europ\u00e9ens et les magistrats de liaison fran\u00e7ais en poste dans les pays dans lesquels le p\u00e8re est susceptible de se rendre sont en alerte\u00bb, abonde Eric Vaillant, qui fait par ailleurs savoir que \u00abdes mandats d&rsquo;arr\u00eats ont \u00e9t\u00e9 d\u00e9livr\u00e9s par le [&hellip;]<\/p>\n","protected":false},"author":2,"featured_media":24919,"comment_status":"open","ping_status":"open","sticky":false,"template":"","format":"standard","meta":{"_jetpack_memberships_contains_paid_content":false,"footnotes":"","jetpack_publicize_message":"","jetpack_publicize_feature_enabled":true,"jetpack_social_post_already_shared":true,"jetpack_social_options":{"image_generator_settings":{"template":"highway","default_image_id":0,"font":"","enabled":false},"version":2},"_wpas_customize_per_network":false},"categories":[405],"tags":[],"class_list":["post-24918","post","type-post","status-publish","format-standard","has-post-thumbnail","hentry","category-actu-france-monde"],"jetpack_publicize_connections":[],"jetpack_featured_media_url":"https:\/\/i0.wp.com\/www.iceagetv.com\/radiosite\/wp-content\/uploads\/2023\/05\/Enlevement-de-la-jeune-Eya-10-ans-en-Isere.png?fit=1035%2C391&ssl=1","jetpack_sharing_enabled":true,"_links":{"self":[{"href":"https:\/\/www.iceagetv.com\/radiosite\/wp-json\/wp\/v2\/posts\/24918","targetHints":{"allow":["GET"]}}],"collection":[{"href":"https:\/\/www.iceagetv.com\/radiosite\/wp-json\/wp\/v2\/posts"}],"about":[{"href":"https:\/\/www.iceagetv.com\/radiosite\/wp-json\/wp\/v2\/types\/post"}],"author":[{"embeddable":true,"href":"https:\/\/www.iceagetv.com\/radiosite\/wp-json\/wp\/v2\/users\/2"}],"replies":[{"embeddable":true,"href":"https:\/\/www.iceagetv.com\/radiosite\/wp-json\/wp\/v2\/comments?post=24918"}],"version-history":[{"count":1,"href":"https:\/\/www.iceagetv.com\/radiosite\/wp-json\/wp\/v2\/posts\/24918\/revisions"}],"predecessor-version":[{"id":24920,"href":"https:\/\/www.iceagetv.com\/radiosite\/wp-json\/wp\/v2\/posts\/24918\/revisions\/24920"}],"wp:featuredmedia":[{"embeddable":true,"href":"https:\/\/www.iceagetv.com\/radiosite\/wp-json\/wp\/v2\/media\/24919"}],"wp:attachment":[{"href":"https:\/\/www.iceagetv.com\/radiosite\/wp-json\/wp\/v2\/media?parent=24918"}],"wp:term":[{"taxonomy":"category","embeddable":true,"href":"https:\/\/www.iceagetv.com\/radiosite\/wp-json\/wp\/v2\/categories?post=24918"},{"taxonomy":"post_tag","embeddable":true,"href":"https:\/\/www.iceagetv.com\/radiosite\/wp-json\/wp\/v2\/tags?post=24918"}],"curies":[{"name":"wp","href":"https:\/\/api.w.org\/{rel}","templated":true}]}}