{"id":24934,"date":"2023-05-29T15:16:53","date_gmt":"2023-05-29T15:16:53","guid":{"rendered":"https:\/\/www.iceagetv.com\/radiosite\/?p=24934"},"modified":"2023-05-29T15:16:53","modified_gmt":"2023-05-29T15:16:53","slug":"lunion-europeenne-a-double-les-capacites-de-sa-flotte-de-lutte-contre-les-incendies-avec-28-appareils-au-total-pour-un-ete-qui-sannonce-intense-apres-dimportants-ravag","status":"publish","type":"post","link":"https:\/\/www.iceagetv.com\/radiosite\/lunion-europeenne-a-double-les-capacites-de-sa-flotte-de-lutte-contre-les-incendies-avec-28-appareils-au-total-pour-un-ete-qui-sannonce-intense-apres-dimportants-ravag\/","title":{"rendered":"L\u2019Union europ\u00e9enne a doubl\u00e9 les capacit\u00e9s de sa flotte de lutte contre les incendies, avec 28 appareils au total, pour un \u00e9t\u00e9 qui s\u2019annonce \u00ab\u00a0intense\u00a0\u00bb apr\u00e8s d\u2019importants ravages en 2022"},"content":{"rendered":"\n<p>L\u2019Union europ\u00e9enne a doubl\u00e9 les capacit\u00e9s de sa flotte de lutte contre les incendies, avec 28 appareils au total, pour un \u00e9t\u00e9 qui s\u2019annonce \u00ab&nbsp;intense&nbsp;\u00bb apr\u00e8s d\u2019importants ravages en 2022, a annonc\u00e9 le commissaire \u00e0 la Gestion des crises, Janez Lenarcic.<\/p>\n\n\n\n<p>\u00ab&nbsp;Cette ann\u00e9e est d\u00e9j\u00e0 bien plus s\u00e8che que la moyenne. Et cette s\u00e9cheresse, combin\u00e9e avec la chaleur \u00e0 laquelle nous nous attendons, est bien s\u00fbr un moteur majeur des feux de for\u00eat&nbsp;\u00bb, s\u2019est inqui\u00e9t\u00e9 le commissaire slov\u00e8ne lors d\u2019une interview avec l\u2019European Newsroom, regroupant des agences de presse europ\u00e9ennes dont l\u2019AFP.<\/p>\n\n\n\n<p>Apr\u00e8s un \u00e9t\u00e9 2022 \u00ab&nbsp;le plus chaud enregistr\u00e9 en Europe&nbsp;\u00bb, la pr\u00e9sidente de la Commission Ursula von der Leyen avait annonc\u00e9 en septembre dernier un doublement de la flotte europ\u00e9enne d\u2019avions et d\u2019h\u00e9licopt\u00e8res bombardiers d\u2019eau. La r\u00e9serve de l\u2019UE passe ainsi de 13 appareils \u00e0 28, positionn\u00e9s dans 10 Etats membres (Croatie, Chypre, R\u00e9publique tch\u00e8que, France, Allemagne, Gr\u00e8ce, Italie, Portugal, Espagne, Su\u00e8de).<\/p>\n\n\n\n<p>Ils sont pr\u00eats \u00e0 \u00eatre d\u00e9ploy\u00e9s de juin \u00e0 octobre en cas d\u2019urgence, pour apporter de l\u2019aide \u00e0 un pays dont les moyens sont d\u00e9bord\u00e9s. L\u2019UE finance la mise \u00e0 disposition de ces moyens par les autorit\u00e9s nationales. Il s\u2019agit de 10 Canadair, 14 avions amphibies l\u00e9gers et quatre h\u00e9licopt\u00e8res. \u00ab&nbsp;Nous avons approximativement doubl\u00e9 le nombre d\u2019appareils et la capacit\u00e9 en termes de volume d\u2019eau qui peut \u00eatre transport\u00e9&nbsp;\u00bb, a indiqu\u00e9 le commissaire.<\/p>\n\n\n\n<p>En outre, plus de 400 pompiers sont pr\u00e9positionn\u00e9s en Gr\u00e8ce, en France et au Portugal, a ajout\u00e9 le responsable, lors de cet entretien depuis le Centre de coordination de la r\u00e9action d\u2019urgence de l\u2019UE. Ce centre, qui f\u00eate ses dix ans d\u2019existence, coordonne l\u2019acheminement de l\u2019aide aux pays frapp\u00e9s par une catastrophe majeure, partout dans le monde.<\/p>\n","protected":false},"excerpt":{"rendered":"<p>L\u2019Union europ\u00e9enne a doubl\u00e9 les capacit\u00e9s de sa flotte de lutte contre les incendies, avec 28 appareils au total, pour un \u00e9t\u00e9 qui s\u2019annonce \u00ab&nbsp;intense&nbsp;\u00bb apr\u00e8s d\u2019importants ravages en 2022, a annonc\u00e9 le commissaire \u00e0 la Gestion des crises, Janez Lenarcic. \u00ab&nbsp;Cette ann\u00e9e est d\u00e9j\u00e0 bien plus s\u00e8che que la moyenne. Et cette s\u00e9cheresse, combin\u00e9e [&hellip;]<\/p>\n","protected":false},"author":2,"featured_media":24935,"comment_status":"open","ping_status":"open","sticky":false,"template":"","format":"standard","meta":{"_jetpack_memberships_contains_paid_content":false,"footnotes":"","jetpack_publicize_message":"","jetpack_publicize_feature_enabled":true,"jetpack_social_post_already_shared":true,"jetpack_social_options":{"image_generator_settings":{"template":"highway","default_image_id":0,"font":"","enabled":false},"version":2},"_wpas_customize_per_network":false},"categories":[405],"tags":[],"class_list":["post-24934","post","type-post","status-publish","format-standard","has-post-thumbnail","hentry","category-actu-france-monde"],"jetpack_publicize_connections":[],"jetpack_featured_media_url":"https:\/\/i0.wp.com\/www.iceagetv.com\/radiosite\/wp-content\/uploads\/2023\/05\/LUnion-europeenne-a-double-les-capacites-de-sa-flotte-de-lutte-contre-les-incendies.jpg?fit=679%2C293&ssl=1","jetpack_sharing_enabled":true,"_links":{"self":[{"href":"https:\/\/www.iceagetv.com\/radiosite\/wp-json\/wp\/v2\/posts\/24934","targetHints":{"allow":["GET"]}}],"collection":[{"href":"https:\/\/www.iceagetv.com\/radiosite\/wp-json\/wp\/v2\/posts"}],"about":[{"href":"https:\/\/www.iceagetv.com\/radiosite\/wp-json\/wp\/v2\/types\/post"}],"author":[{"embeddable":true,"href":"https:\/\/www.iceagetv.com\/radiosite\/wp-json\/wp\/v2\/users\/2"}],"replies":[{"embeddable":true,"href":"https:\/\/www.iceagetv.com\/radiosite\/wp-json\/wp\/v2\/comments?post=24934"}],"version-history":[{"count":1,"href":"https:\/\/www.iceagetv.com\/radiosite\/wp-json\/wp\/v2\/posts\/24934\/revisions"}],"predecessor-version":[{"id":24936,"href":"https:\/\/www.iceagetv.com\/radiosite\/wp-json\/wp\/v2\/posts\/24934\/revisions\/24936"}],"wp:featuredmedia":[{"embeddable":true,"href":"https:\/\/www.iceagetv.com\/radiosite\/wp-json\/wp\/v2\/media\/24935"}],"wp:attachment":[{"href":"https:\/\/www.iceagetv.com\/radiosite\/wp-json\/wp\/v2\/media?parent=24934"}],"wp:term":[{"taxonomy":"category","embeddable":true,"href":"https:\/\/www.iceagetv.com\/radiosite\/wp-json\/wp\/v2\/categories?post=24934"},{"taxonomy":"post_tag","embeddable":true,"href":"https:\/\/www.iceagetv.com\/radiosite\/wp-json\/wp\/v2\/tags?post=24934"}],"curies":[{"name":"wp","href":"https:\/\/api.w.org\/{rel}","templated":true}]}}