{"id":24937,"date":"2023-05-29T15:18:46","date_gmt":"2023-05-29T15:18:46","guid":{"rendered":"https:\/\/www.iceagetv.com\/radiosite\/?p=24937"},"modified":"2023-05-29T15:18:46","modified_gmt":"2023-05-29T15:18:46","slug":"le-ministre-de-la-sante-francois-braun-favorable-a-linterdiction-des-puffs-mais-envisage-douvrir-la-prescription-de-certaines-cigarettes-electroniques-en-pharmacie","status":"publish","type":"post","link":"https:\/\/www.iceagetv.com\/radiosite\/le-ministre-de-la-sante-francois-braun-favorable-a-linterdiction-des-puffs-mais-envisage-douvrir-la-prescription-de-certaines-cigarettes-electroniques-en-pharmacie\/","title":{"rendered":"Le ministre de la Sant\u00e9, Fran\u00e7ois Braun, favorable \u00e0 l&rsquo;interdiction des \u00abpuffs\u00bb, mais envisage d&rsquo;ouvrir la prescription de certaines cigarettes \u00e9lectroniques en pharmacie"},"content":{"rendered":"\n<p>Le ministre de la Sant\u00e9, Fran\u00e7ois Braun, s&rsquo;est d\u00e9clar\u00e9 favorable \u00e0&nbsp;l&rsquo;interdiction des&nbsp;\u00abpuffs\u00bb&nbsp;, cigarettes \u00e9lectroniques jetables pris\u00e9es des jeunes, mais envisage d&rsquo;ouvrir aux pharmaciens la prescription de certains substituts nicotiniques sous forme de cigarettes \u00e9lectroniques. \u00abIl faut interdire les puffs\u00bb qui \u00aben rien ne permettent de sortir du tabagisme\u00bb, a d\u00e9clar\u00e9 Fran\u00e7ois Braun au Grand jury RTL-LCI-Le Figaro, alors que des d\u00e9put\u00e9s esp\u00e8rent faire voter cette interdiction \u00e0 la rentr\u00e9e.<\/p>\n\n\n\n<p>\u00abPar contre les substituts nicotiniques pour quitter le tabac, oui il faut les maintenir\u00bb, a d\u00e9fendu le ministre. \u00abC&rsquo;est une prescription, d&rsquo;ailleurs j&rsquo;envisage d&rsquo;ouvrir cette possibilit\u00e9 de prescription \u00e9galement aux pharmaciens qui sont confront\u00e9s \u00e0 ces fumeurs qui veulent arr\u00eater\u00bb, a-t-il d\u00e9velopp\u00e9. Cette prescription exclura les puffs, \u00abces produits color\u00e9s\u00bb qui \u00abam\u00e8nent les jeunes vers le tabac\u00bb selon lui, mais concernera les \u00absubstituts nicotiniques avec ces cigarettes \u00e9lectroniques\u00bb, qui elles \u00abpermettent de diminuer progressivement sa consommation de nicotine et d&rsquo;arr\u00eater\u00bb.<\/p>\n\n\n\n<p>Interrog\u00e9 sur un \u00e9ventuel remboursement, Fran\u00e7ois Braun a r\u00e9pondu que le sujet \u00e9tait \u00absur la table dans le cadre du prochain plan anti-tabac\u00bb du gouvernement, pr\u00e9vu sur la p\u00e9riode 2023-2028. Il a \u00e9galement dit vouloir taxer \u00abtous les produits du tabac comme le tabac \u00e0 chauffer ou \u00e0 chiquer de la m\u00eame fa\u00e7on\u00bb que le paquet de cigarettes. La politique de la hausse du prix du tabac men\u00e9e tambour battant par Emmanuel Macron depuis son \u00e9lection en 2017 pourrait se poursuivre. \u00abJe ne m&rsquo;interdis pas de continuer cette augmentation\u00bb, a assur\u00e9 le ministre de la Sant\u00e9. Cette hypoth\u00e8se est \u00absur la table\u00bb des discussions du prochain projet de loi de financement de la S\u00e9curit\u00e9 sociale.<\/p>\n","protected":false},"excerpt":{"rendered":"<p>Le ministre de la Sant\u00e9, Fran\u00e7ois Braun, s&rsquo;est d\u00e9clar\u00e9 favorable \u00e0&nbsp;l&rsquo;interdiction des&nbsp;\u00abpuffs\u00bb&nbsp;, cigarettes \u00e9lectroniques jetables pris\u00e9es des jeunes, mais envisage d&rsquo;ouvrir aux pharmaciens la prescription de certains substituts nicotiniques sous forme de cigarettes \u00e9lectroniques. \u00abIl faut interdire les puffs\u00bb qui \u00aben rien ne permettent de sortir du tabagisme\u00bb, a d\u00e9clar\u00e9 Fran\u00e7ois Braun au Grand jury [&hellip;]<\/p>\n","protected":false},"author":2,"featured_media":24938,"comment_status":"open","ping_status":"open","sticky":false,"template":"","format":"standard","meta":{"_jetpack_memberships_contains_paid_content":false,"footnotes":"","jetpack_publicize_message":"","jetpack_publicize_feature_enabled":true,"jetpack_social_post_already_shared":true,"jetpack_social_options":{"image_generator_settings":{"template":"highway","default_image_id":0,"font":"","enabled":false},"version":2},"_wpas_customize_per_network":false},"categories":[405],"tags":[],"class_list":["post-24937","post","type-post","status-publish","format-standard","has-post-thumbnail","hentry","category-actu-france-monde"],"jetpack_publicize_connections":[],"jetpack_featured_media_url":"https:\/\/i0.wp.com\/www.iceagetv.com\/radiosite\/wp-content\/uploads\/2023\/05\/Francois-Braun.jpg?fit=679%2C293&ssl=1","jetpack_sharing_enabled":true,"_links":{"self":[{"href":"https:\/\/www.iceagetv.com\/radiosite\/wp-json\/wp\/v2\/posts\/24937","targetHints":{"allow":["GET"]}}],"collection":[{"href":"https:\/\/www.iceagetv.com\/radiosite\/wp-json\/wp\/v2\/posts"}],"about":[{"href":"https:\/\/www.iceagetv.com\/radiosite\/wp-json\/wp\/v2\/types\/post"}],"author":[{"embeddable":true,"href":"https:\/\/www.iceagetv.com\/radiosite\/wp-json\/wp\/v2\/users\/2"}],"replies":[{"embeddable":true,"href":"https:\/\/www.iceagetv.com\/radiosite\/wp-json\/wp\/v2\/comments?post=24937"}],"version-history":[{"count":1,"href":"https:\/\/www.iceagetv.com\/radiosite\/wp-json\/wp\/v2\/posts\/24937\/revisions"}],"predecessor-version":[{"id":24939,"href":"https:\/\/www.iceagetv.com\/radiosite\/wp-json\/wp\/v2\/posts\/24937\/revisions\/24939"}],"wp:featuredmedia":[{"embeddable":true,"href":"https:\/\/www.iceagetv.com\/radiosite\/wp-json\/wp\/v2\/media\/24938"}],"wp:attachment":[{"href":"https:\/\/www.iceagetv.com\/radiosite\/wp-json\/wp\/v2\/media?parent=24937"}],"wp:term":[{"taxonomy":"category","embeddable":true,"href":"https:\/\/www.iceagetv.com\/radiosite\/wp-json\/wp\/v2\/categories?post=24937"},{"taxonomy":"post_tag","embeddable":true,"href":"https:\/\/www.iceagetv.com\/radiosite\/wp-json\/wp\/v2\/tags?post=24937"}],"curies":[{"name":"wp","href":"https:\/\/api.w.org\/{rel}","templated":true}]}}