{"id":24940,"date":"2023-05-29T16:15:40","date_gmt":"2023-05-29T16:15:40","guid":{"rendered":"https:\/\/www.iceagetv.com\/radiosite\/?p=24940"},"modified":"2023-05-29T16:15:40","modified_gmt":"2023-05-29T16:15:40","slug":"essonne-un-homme-de-87-ans-mis-en-examen-et-place-sous-controle-judiciaire-soupconne-davoir-tue-par-electrocution-sa-femme-atteinte-de-la-maladie-dalzheimer-a-verrieres-le-buisson","status":"publish","type":"post","link":"https:\/\/www.iceagetv.com\/radiosite\/essonne-un-homme-de-87-ans-mis-en-examen-et-place-sous-controle-judiciaire-soupconne-davoir-tue-par-electrocution-sa-femme-atteinte-de-la-maladie-dalzheimer-a-verrieres-le-buisson\/","title":{"rendered":"Essonne: Un homme de 87 ans mis en examen et plac\u00e9 sous contr\u00f4le judiciaire, soup\u00e7onn\u00e9 d&rsquo;avoir tu\u00e9 par \u00e9lectrocution sa femme atteinte de la maladie d&rsquo;Alzheimer, \u00e0 Verri\u00e8res-le-Buisson"},"content":{"rendered":"\n<p>Un homme de 87 ans a \u00e9t\u00e9 mis en examen et plac\u00e9 sous contr\u00f4le judiciaire, soup\u00e7onn\u00e9 d&rsquo;avoir&nbsp;tu\u00e9 par \u00e9lectrocution&nbsp;sa femme atteinte de la maladie d&rsquo;Alzheimer, \u00e0 Verri\u00e8res-le-Buisson (Essonne), a indiqu\u00e9 le parquet d&rsquo;Evry \u00e0 l&rsquo;AFP.&nbsp;L&rsquo;octog\u00e9naire est soup\u00e7onn\u00e9 de meurtre conjugal, a pr\u00e9cis\u00e9 le parquet.<\/p>\n\n\n\n<p>Les secours \u00e9taient intervenus jeudi matin dans un pavillon de Verri\u00e8res-le-Buisson, une commune situ\u00e9e \u00e0 une dizaine de kilom\u00e8tres au sud de Paris.<\/p>\n\n\n\n<p>Selon les premiers \u00e9l\u00e9ments de l&rsquo;enqu\u00eate, le mari, n\u00e9 en 1936 comme son \u00e9pouse, aurait enroul\u00e9 cette derni\u00e8re de c\u00e2bles \u00e9lectriques avant de l&rsquo;\u00e9lectrocuter.<\/p>\n\n\n\n<p>Il aurait ensuite essay\u00e9 de mettre fin \u00e0 ses jours, en vain, a appris l&rsquo;AFP, de source polici\u00e8re confirm\u00e9e par le parquet.<\/p>\n\n\n\n<p>L&rsquo;homme a \u00e9t\u00e9 hospitalis\u00e9 avec un pronostic vital non engag\u00e9. Il avait ensuite \u00e9t\u00e9 plac\u00e9 en garde en vue. Devant les policiers, il a reconnu les faits et indiqu\u00e9 que sa femme souhaitait mourir.<\/p>\n","protected":false},"excerpt":{"rendered":"<p>Un homme de 87 ans a \u00e9t\u00e9 mis en examen et plac\u00e9 sous contr\u00f4le judiciaire, soup\u00e7onn\u00e9 d&rsquo;avoir&nbsp;tu\u00e9 par \u00e9lectrocution&nbsp;sa femme atteinte de la maladie d&rsquo;Alzheimer, \u00e0 Verri\u00e8res-le-Buisson (Essonne), a indiqu\u00e9 le parquet d&rsquo;Evry \u00e0 l&rsquo;AFP.&nbsp;L&rsquo;octog\u00e9naire est soup\u00e7onn\u00e9 de meurtre conjugal, a pr\u00e9cis\u00e9 le parquet. Les secours \u00e9taient intervenus jeudi matin dans un pavillon de Verri\u00e8res-le-Buisson, [&hellip;]<\/p>\n","protected":false},"author":2,"featured_media":24941,"comment_status":"open","ping_status":"open","sticky":false,"template":"","format":"standard","meta":{"_jetpack_memberships_contains_paid_content":false,"footnotes":"","jetpack_publicize_message":"","jetpack_publicize_feature_enabled":true,"jetpack_social_post_already_shared":true,"jetpack_social_options":{"image_generator_settings":{"template":"highway","default_image_id":0,"font":"","enabled":false},"version":2},"_wpas_customize_per_network":false},"categories":[405],"tags":[],"class_list":["post-24940","post","type-post","status-publish","format-standard","has-post-thumbnail","hentry","category-actu-france-monde"],"jetpack_publicize_connections":[],"jetpack_featured_media_url":"https:\/\/i0.wp.com\/www.iceagetv.com\/radiosite\/wp-content\/uploads\/2023\/05\/Un-homme-de-87-ans-mis-en-examen-et-place-sous-controle-judiciaire.jpg?fit=679%2C293&ssl=1","jetpack_sharing_enabled":true,"_links":{"self":[{"href":"https:\/\/www.iceagetv.com\/radiosite\/wp-json\/wp\/v2\/posts\/24940","targetHints":{"allow":["GET"]}}],"collection":[{"href":"https:\/\/www.iceagetv.com\/radiosite\/wp-json\/wp\/v2\/posts"}],"about":[{"href":"https:\/\/www.iceagetv.com\/radiosite\/wp-json\/wp\/v2\/types\/post"}],"author":[{"embeddable":true,"href":"https:\/\/www.iceagetv.com\/radiosite\/wp-json\/wp\/v2\/users\/2"}],"replies":[{"embeddable":true,"href":"https:\/\/www.iceagetv.com\/radiosite\/wp-json\/wp\/v2\/comments?post=24940"}],"version-history":[{"count":1,"href":"https:\/\/www.iceagetv.com\/radiosite\/wp-json\/wp\/v2\/posts\/24940\/revisions"}],"predecessor-version":[{"id":24942,"href":"https:\/\/www.iceagetv.com\/radiosite\/wp-json\/wp\/v2\/posts\/24940\/revisions\/24942"}],"wp:featuredmedia":[{"embeddable":true,"href":"https:\/\/www.iceagetv.com\/radiosite\/wp-json\/wp\/v2\/media\/24941"}],"wp:attachment":[{"href":"https:\/\/www.iceagetv.com\/radiosite\/wp-json\/wp\/v2\/media?parent=24940"}],"wp:term":[{"taxonomy":"category","embeddable":true,"href":"https:\/\/www.iceagetv.com\/radiosite\/wp-json\/wp\/v2\/categories?post=24940"},{"taxonomy":"post_tag","embeddable":true,"href":"https:\/\/www.iceagetv.com\/radiosite\/wp-json\/wp\/v2\/tags?post=24940"}],"curies":[{"name":"wp","href":"https:\/\/api.w.org\/{rel}","templated":true}]}}