{"id":24953,"date":"2023-05-31T11:28:27","date_gmt":"2023-05-31T11:28:27","guid":{"rendered":"https:\/\/www.iceagetv.com\/radiosite\/?p=24953"},"modified":"2023-05-31T11:28:27","modified_gmt":"2023-05-31T11:28:27","slug":"retraites-la-commission-des-affaires-sociales-de-lassemblee-nationale-vote-contre-labrogation-du-recul-de-lage-legal-a-64-ans-proposee-par-liot","status":"publish","type":"post","link":"https:\/\/www.iceagetv.com\/radiosite\/retraites-la-commission-des-affaires-sociales-de-lassemblee-nationale-vote-contre-labrogation-du-recul-de-lage-legal-a-64-ans-proposee-par-liot\/","title":{"rendered":"Retraites: La commission des Affaires sociales de l&rsquo;Assembl\u00e9e nationale vote contre l&rsquo;abrogation du recul de l&rsquo;\u00e2ge l\u00e9gal \u00e0 64 ans propos\u00e9e par Liot"},"content":{"rendered":"\n<p>Les d\u00e9put\u00e9s ont supprim\u00e9 mercredi en commission l\u2019article-cl\u00e9 d\u2019une proposition de loi abrogeant le recul de l\u2019\u00e2ge de d\u00e9part \u00e0 la retraite \u00e0 64 ans, une victoire d\u2019\u00e9tape pour le camp pr\u00e9sidentiel avant l\u2019examen du texte le 8 juin dans l\u2019h\u00e9micycle de l\u2019Assembl\u00e9e nationale.<\/p>\n\n\n\n<p>Des amendements de suppression de l\u2019article 1er ont \u00e9t\u00e9 adopt\u00e9s par 38 voix contre 34. Mais le texte, port\u00e9 par le groupe ind\u00e9pendant Liot et dont l\u2019examen se poursuit, n\u2019est pas enterr\u00e9 pour autant.<\/p>\n\n\n\n<p>Ce premier scrutin a \u00e9t\u00e9 remport\u00e9 mercredi de justesse en commission des Affaires sociales gr\u00e2ce notamment aux voix du groupe LR qui se sont additionn\u00e9es \u00e0 celles de la majorit\u00e9 &#8211; seulement deux d\u00e9put\u00e9s de droite sur huit ont joint leurs voix \u00e0 celles des autres oppositions pour d\u00e9fendre l\u2019abrogation des 64 ans.<\/p>\n\n\n\n<p>\u00ab Je suis atterr\u00e9e, \u00e7a veut dire qu\u2019on ne va pas voter sur ce texte. Honte aux LR sur ce coup-l\u00e0, ils ne font que trahir leurs \u00e9lecteurs \u00bb, a r\u00e9agi la d\u00e9put\u00e9e RN Laure Lavalette. La gauche, LFI en pointe, a contre-attaqu\u00e9 en d\u00e9posant plus d\u2019un millier d\u2019amendements sur l\u2019article suivant de la proposition de loi, dans l\u2019espoir d\u2019emp\u00eacher les d\u00e9bats d\u2019aller \u00e0 leur terme.<\/p>\n\n\n\n<p>\u00ab Si on n\u2019a pas le temps de discuter de l\u2019ensemble du texte il reviendra en l\u2019\u00e9tat initial en s\u00e9ance, il peut y avoir un int\u00e9r\u00eat \u00e0 faire \u00e7a \u00bb, a expliqu\u00e9 le d\u00e9put\u00e9 LFI Alexis Corbi\u00e8re. Alors que le groupe Liot se montrait r\u00e9ticent vis-\u00e0-vis de cette strat\u00e9gie, la situation \u00e9tait bien incertaine \u00e0 la mi-journ\u00e9e.<\/p>\n","protected":false},"excerpt":{"rendered":"<p>Les d\u00e9put\u00e9s ont supprim\u00e9 mercredi en commission l\u2019article-cl\u00e9 d\u2019une proposition de loi abrogeant le recul de l\u2019\u00e2ge de d\u00e9part \u00e0 la retraite \u00e0 64 ans, une victoire d\u2019\u00e9tape pour le camp pr\u00e9sidentiel avant l\u2019examen du texte le 8 juin dans l\u2019h\u00e9micycle de l\u2019Assembl\u00e9e nationale. Des amendements de suppression de l\u2019article 1er ont \u00e9t\u00e9 adopt\u00e9s par [&hellip;]<\/p>\n","protected":false},"author":2,"featured_media":24954,"comment_status":"open","ping_status":"open","sticky":false,"template":"","format":"standard","meta":{"_jetpack_memberships_contains_paid_content":false,"footnotes":"","jetpack_publicize_message":"","jetpack_publicize_feature_enabled":true,"jetpack_social_post_already_shared":true,"jetpack_social_options":{"image_generator_settings":{"template":"highway","default_image_id":0,"font":"","enabled":false},"version":2},"_wpas_customize_per_network":false},"categories":[405],"tags":[],"class_list":["post-24953","post","type-post","status-publish","format-standard","has-post-thumbnail","hentry","category-actu-france-monde"],"jetpack_publicize_connections":[],"jetpack_featured_media_url":"https:\/\/i0.wp.com\/www.iceagetv.com\/radiosite\/wp-content\/uploads\/2023\/05\/La-commission-des-Affaires-sociales.jpg?fit=679%2C293&ssl=1","jetpack_sharing_enabled":true,"_links":{"self":[{"href":"https:\/\/www.iceagetv.com\/radiosite\/wp-json\/wp\/v2\/posts\/24953","targetHints":{"allow":["GET"]}}],"collection":[{"href":"https:\/\/www.iceagetv.com\/radiosite\/wp-json\/wp\/v2\/posts"}],"about":[{"href":"https:\/\/www.iceagetv.com\/radiosite\/wp-json\/wp\/v2\/types\/post"}],"author":[{"embeddable":true,"href":"https:\/\/www.iceagetv.com\/radiosite\/wp-json\/wp\/v2\/users\/2"}],"replies":[{"embeddable":true,"href":"https:\/\/www.iceagetv.com\/radiosite\/wp-json\/wp\/v2\/comments?post=24953"}],"version-history":[{"count":1,"href":"https:\/\/www.iceagetv.com\/radiosite\/wp-json\/wp\/v2\/posts\/24953\/revisions"}],"predecessor-version":[{"id":24955,"href":"https:\/\/www.iceagetv.com\/radiosite\/wp-json\/wp\/v2\/posts\/24953\/revisions\/24955"}],"wp:featuredmedia":[{"embeddable":true,"href":"https:\/\/www.iceagetv.com\/radiosite\/wp-json\/wp\/v2\/media\/24954"}],"wp:attachment":[{"href":"https:\/\/www.iceagetv.com\/radiosite\/wp-json\/wp\/v2\/media?parent=24953"}],"wp:term":[{"taxonomy":"category","embeddable":true,"href":"https:\/\/www.iceagetv.com\/radiosite\/wp-json\/wp\/v2\/categories?post=24953"},{"taxonomy":"post_tag","embeddable":true,"href":"https:\/\/www.iceagetv.com\/radiosite\/wp-json\/wp\/v2\/tags?post=24953"}],"curies":[{"name":"wp","href":"https:\/\/api.w.org\/{rel}","templated":true}]}}