{"id":24956,"date":"2023-06-01T09:43:30","date_gmt":"2023-06-01T09:43:30","guid":{"rendered":"https:\/\/www.iceagetv.com\/radiosite\/?p=24956"},"modified":"2023-06-01T09:43:30","modified_gmt":"2023-06-01T09:43:30","slug":"les-obseques-de-carene-mezino-linfirmiere-poignardee-au-chu-de-reims-ont-eu-lieu-ce-matin-en-presence-de-plusieurs-centaines-de-personnes-dont-le-ministre-de-sante-francois-braun","status":"publish","type":"post","link":"https:\/\/www.iceagetv.com\/radiosite\/les-obseques-de-carene-mezino-linfirmiere-poignardee-au-chu-de-reims-ont-eu-lieu-ce-matin-en-presence-de-plusieurs-centaines-de-personnes-dont-le-ministre-de-sante-francois-braun\/","title":{"rendered":"Les obs\u00e8ques de Car\u00e8ne Mezino,\u00a0l\u2019infirmi\u00e8re poignard\u00e9e au CHU de Reims, ont eu lieu ce matin en pr\u00e9sence de plusieurs centaines de personnes, dont le ministre de Sant\u00e9 Fran\u00e7ois Braun"},"content":{"rendered":"\n<p>Les obs\u00e8ques de Car\u00e8ne Mezino,&nbsp;une infirmi\u00e8re de 37 ans poignard\u00e9e \u00e0 mort fin mai \u00e0 l&rsquo;h\u00f4pital de Reims&nbsp;par un homme atteint de troubles mentaux, ont d\u00e9but\u00e9 jeudi en pr\u00e9sence de plusieurs centaines de personnes, dont le ministre de Sant\u00e9, Fran\u00e7ois Braun.<\/p>\n\n\n\n<p>\u00ab\u00a0Ta disparition tragique nous met en col\u00e8re\u00a0\u00bb,&nbsp;a lanc\u00e9 la m\u00e8re de cette infirmi\u00e8re lors de la c\u00e9r\u00e9monie, en la basilique Saint-Remi de Reims, apr\u00e8s avoir trac\u00e9 le portrait d&rsquo;une jeune femme solaire, dynamique et aimante.<\/p>\n\n\n\n<p>Son veuf a rendu hommage au&nbsp;\u00ab\u00a0d\u00e9vouement sans limites\u00a0\u00bb&nbsp;de son \u00e9pouse, m\u00e8re de deux enfants de huit et onze ans, qui mettait&nbsp;\u00ab\u00a0les int\u00e9r\u00eats des autres avant les siens\u00a0\u00bb.<\/p>\n\n\n\n<p>Selon la pr\u00e9fecture, plusieurs repr\u00e9sentants politiques et d\u00e9put\u00e9s sont pr\u00e9sents \u00e0 la c\u00e9r\u00e9monie, outre le ministre de la Sant\u00e9.<\/p>\n\n\n\n<p>D\u00e8s 8H00, de nombreux professionnels de sant\u00e9 sont entr\u00e9s en blouse blanche dans la basilique, qui peut accueillir 1 200 personnes. Des agents de la protection civile \u00e9taient eux aussi habill\u00e9s avec leur tenue professionnelle.<\/p>\n\n\n\n<p>La famille de Car\u00e8ne Mezino avait invit\u00e9, dans l&rsquo;avis de d\u00e9c\u00e8s,&nbsp;\u00ab\u00a0les personnes de la fonction publique\u00a0\u00bb&nbsp;\u00e0 venir&nbsp;\u00ab\u00a0dans leur tenue de fonction\u00a0\u00bb, \u00ab\u00a0afin de souligner leur engagement\u00a0\u00bb.<\/p>\n\n\n\n<p>\u00ab\u00a0Il y a beaucoup de tristesse, de peine pour son mari, ses enfants\u00a0\u00bb, a d\u00e9clar\u00e9 \u00e0 l&rsquo;AFP Annabella Goncalves-Rolo, infirmi\u00e8re et ancienne coll\u00e8gue de Car\u00e8ne Mezino.&nbsp;\u00ab\u00a0Et il y a aussi, comme on dit, un peu de la col\u00e8re parce que \u00e7a n&rsquo;aurait pas d\u00fb arriver et \u00e7a ne devrait pas arriver.\u00a0\u00bb<\/p>\n\n\n\n<p>\u00ab\u00a0Notre profession n&rsquo;est pas \u00e0 l&rsquo;abri de ce genre d&rsquo;agressions, on n&rsquo;est pas prot\u00e9g\u00e9 du tout, du tout, du tout\u00a0\u00bb,&nbsp;a d\u00e9plor\u00e9 Mich\u00e8le Nicolas, infirmi\u00e8re au CHU de Reims.<\/p>\n","protected":false},"excerpt":{"rendered":"<p>Les obs\u00e8ques de Car\u00e8ne Mezino,&nbsp;une infirmi\u00e8re de 37 ans poignard\u00e9e \u00e0 mort fin mai \u00e0 l&rsquo;h\u00f4pital de Reims&nbsp;par un homme atteint de troubles mentaux, ont d\u00e9but\u00e9 jeudi en pr\u00e9sence de plusieurs centaines de personnes, dont le ministre de Sant\u00e9, Fran\u00e7ois Braun. \u00ab\u00a0Ta disparition tragique nous met en col\u00e8re\u00a0\u00bb,&nbsp;a lanc\u00e9 la m\u00e8re de cette infirmi\u00e8re lors [&hellip;]<\/p>\n","protected":false},"author":2,"featured_media":24957,"comment_status":"open","ping_status":"open","sticky":false,"template":"","format":"standard","meta":{"_jetpack_memberships_contains_paid_content":false,"footnotes":"","jetpack_publicize_message":"","jetpack_publicize_feature_enabled":true,"jetpack_social_post_already_shared":true,"jetpack_social_options":{"image_generator_settings":{"template":"highway","default_image_id":0,"font":"","enabled":false},"version":2},"_wpas_customize_per_network":false},"categories":[405],"tags":[],"class_list":["post-24956","post","type-post","status-publish","format-standard","has-post-thumbnail","hentry","category-actu-france-monde"],"jetpack_publicize_connections":[],"jetpack_featured_media_url":"https:\/\/i0.wp.com\/www.iceagetv.com\/radiosite\/wp-content\/uploads\/2023\/06\/Les-obseques-de-Carene-Mezino.jpg?fit=679%2C293&ssl=1","jetpack_sharing_enabled":true,"_links":{"self":[{"href":"https:\/\/www.iceagetv.com\/radiosite\/wp-json\/wp\/v2\/posts\/24956","targetHints":{"allow":["GET"]}}],"collection":[{"href":"https:\/\/www.iceagetv.com\/radiosite\/wp-json\/wp\/v2\/posts"}],"about":[{"href":"https:\/\/www.iceagetv.com\/radiosite\/wp-json\/wp\/v2\/types\/post"}],"author":[{"embeddable":true,"href":"https:\/\/www.iceagetv.com\/radiosite\/wp-json\/wp\/v2\/users\/2"}],"replies":[{"embeddable":true,"href":"https:\/\/www.iceagetv.com\/radiosite\/wp-json\/wp\/v2\/comments?post=24956"}],"version-history":[{"count":1,"href":"https:\/\/www.iceagetv.com\/radiosite\/wp-json\/wp\/v2\/posts\/24956\/revisions"}],"predecessor-version":[{"id":24958,"href":"https:\/\/www.iceagetv.com\/radiosite\/wp-json\/wp\/v2\/posts\/24956\/revisions\/24958"}],"wp:featuredmedia":[{"embeddable":true,"href":"https:\/\/www.iceagetv.com\/radiosite\/wp-json\/wp\/v2\/media\/24957"}],"wp:attachment":[{"href":"https:\/\/www.iceagetv.com\/radiosite\/wp-json\/wp\/v2\/media?parent=24956"}],"wp:term":[{"taxonomy":"category","embeddable":true,"href":"https:\/\/www.iceagetv.com\/radiosite\/wp-json\/wp\/v2\/categories?post=24956"},{"taxonomy":"post_tag","embeddable":true,"href":"https:\/\/www.iceagetv.com\/radiosite\/wp-json\/wp\/v2\/tags?post=24956"}],"curies":[{"name":"wp","href":"https:\/\/api.w.org\/{rel}","templated":true}]}}