{"id":24959,"date":"2023-06-01T15:52:14","date_gmt":"2023-06-01T15:52:14","guid":{"rendered":"https:\/\/www.iceagetv.com\/radiosite\/?p=24959"},"modified":"2023-06-01T15:52:14","modified_gmt":"2023-06-01T15:52:14","slug":"reforme-des-retraites-un-tiers-des-vols-annules-a-orly-le-mardi-6-juin-prochain-des-suppressions-a-prevoir-a-lyon-marseille-nice-toulouse-bordeaux-et-nantes","status":"publish","type":"post","link":"https:\/\/www.iceagetv.com\/radiosite\/reforme-des-retraites-un-tiers-des-vols-annules-a-orly-le-mardi-6-juin-prochain-des-suppressions-a-prevoir-a-lyon-marseille-nice-toulouse-bordeaux-et-nantes\/","title":{"rendered":"R\u00e9forme des retraites: Un tiers des vols annul\u00e9s \u00e0 Orly le mardi 6 juin prochain &#8211; Des suppressions \u00e0 pr\u00e9voir \u00e0 Lyon, Marseille, Nice, Toulouse, Bordeaux et Nantes"},"content":{"rendered":"\n<p>La Direction g\u00e9n\u00e9rale de l&rsquo;aviation civile (DGAC) a demand\u00e9 aux compagnies a\u00e9riennes d&rsquo;annuler un tiers de leurs vols&nbsp;\u00e0 Paris-Orly&nbsp; en raison de la participation de contr\u00f4leurs a\u00e9riens \u00e0 une gr\u00e8ve contre la r\u00e9forme des retraites, a annonc\u00e9 jeudi l&rsquo;administration.<\/p>\n\n\n\n<p>Ces suppressions pr\u00e9ventives ont \u00e9galement \u00e9t\u00e9 requises pour un vol sur cinq en provenance ou \u00e0 destination des a\u00e9roports de Lyon, Marseille, Nice, Toulouse, Bordeaux et Nantes, a pr\u00e9cis\u00e9 la DGAC dans un communiqu\u00e9, en pr\u00e9venant que \u00abdes perturbations et des retards\u00bb suppl\u00e9mentaires \u00e9taient probables. Le premier a\u00e9roport fran\u00e7ais, Paris-Charles-de-Gaulle, n&rsquo;est pas concern\u00e9.<\/p>\n\n\n\n<p>Ces annulations pr\u00e9ventives sont cens\u00e9es mettre en ad\u00e9quation le trafic et les effectifs d&rsquo;aiguilleurs du ciel disponibles, afin d&rsquo;\u00e9viter des suppressions de vols sans que les passagers n&rsquo;aient pu \u00eatre pr\u00e9venus. Ces arr\u00eats de travail, \u00e0 l&rsquo;appel de syndicats mobilis\u00e9s contre la r\u00e9forme des retraites promulgu\u00e9e \u00e0 la mi-avril, toucheront aussi certains centres en route de la navigation a\u00e9rienne (CRNA), qui guident les avions survolant le territoire national.<\/p>\n\n\n\n<p>Le contr\u00f4le a\u00e9rien a \u00e9t\u00e9 l&rsquo;un des secteurs d&rsquo;activit\u00e9 qui a connu le plus de perturbations en raison du mouvement social contre la r\u00e9forme, pr\u00e8s de 40 jours depuis le d\u00e9but de l&rsquo;ann\u00e9e, la derni\u00e8re en date ayant \u00e9t\u00e9 celle du 1er mai. \u00c9tant donn\u00e9 la position g\u00e9ographique de la France, ces gr\u00e8ves ont des effets en cascade sur l&rsquo;ensemble du trafic a\u00e9rien europ\u00e9en, ce qui h\u00e9risse de nombreux transporteurs \u00e9trangers contraints d&rsquo;annuler ou de retarder des vols.<\/p>\n\n\n\n<p>Le patron de Ryanair, Michael O&rsquo;Leary, a lanc\u00e9 une p\u00e9tition pour demander \u00e0 l&rsquo;Union europ\u00e9enne de sanctuariser les survols du territoire fran\u00e7ais en cas de mouvements sociaux. Ce texte a obtenu plus d&rsquo;1,1 million de signatures. De son c\u00f4t\u00e9, l&rsquo;organisme de surveillance du trafic a\u00e9rien europ\u00e9en, Eurocontrol, a \u00e9valu\u00e9 \u00e0 10 millions le nombre de passagers touch\u00e9s par la gr\u00e8ve entre mars et d\u00e9but avril.<\/p>\n","protected":false},"excerpt":{"rendered":"<p>La Direction g\u00e9n\u00e9rale de l&rsquo;aviation civile (DGAC) a demand\u00e9 aux compagnies a\u00e9riennes d&rsquo;annuler un tiers de leurs vols&nbsp;\u00e0 Paris-Orly&nbsp; en raison de la participation de contr\u00f4leurs a\u00e9riens \u00e0 une gr\u00e8ve contre la r\u00e9forme des retraites, a annonc\u00e9 jeudi l&rsquo;administration. Ces suppressions pr\u00e9ventives ont \u00e9galement \u00e9t\u00e9 requises pour un vol sur cinq en provenance ou \u00e0 [&hellip;]<\/p>\n","protected":false},"author":2,"featured_media":24960,"comment_status":"open","ping_status":"open","sticky":false,"template":"","format":"standard","meta":{"_jetpack_memberships_contains_paid_content":false,"footnotes":"","jetpack_publicize_message":"","jetpack_publicize_feature_enabled":true,"jetpack_social_post_already_shared":true,"jetpack_social_options":{"image_generator_settings":{"template":"highway","default_image_id":0,"font":"","enabled":false},"version":2},"_wpas_customize_per_network":false},"categories":[405],"tags":[],"class_list":["post-24959","post","type-post","status-publish","format-standard","has-post-thumbnail","hentry","category-actu-france-monde"],"jetpack_publicize_connections":[],"jetpack_featured_media_url":"https:\/\/i0.wp.com\/www.iceagetv.com\/radiosite\/wp-content\/uploads\/2023\/06\/Un-tiers-des-vols-annules-a-Orly-le-mardi-6-juin-prochain.jpg?fit=679%2C293&ssl=1","jetpack_sharing_enabled":true,"_links":{"self":[{"href":"https:\/\/www.iceagetv.com\/radiosite\/wp-json\/wp\/v2\/posts\/24959","targetHints":{"allow":["GET"]}}],"collection":[{"href":"https:\/\/www.iceagetv.com\/radiosite\/wp-json\/wp\/v2\/posts"}],"about":[{"href":"https:\/\/www.iceagetv.com\/radiosite\/wp-json\/wp\/v2\/types\/post"}],"author":[{"embeddable":true,"href":"https:\/\/www.iceagetv.com\/radiosite\/wp-json\/wp\/v2\/users\/2"}],"replies":[{"embeddable":true,"href":"https:\/\/www.iceagetv.com\/radiosite\/wp-json\/wp\/v2\/comments?post=24959"}],"version-history":[{"count":1,"href":"https:\/\/www.iceagetv.com\/radiosite\/wp-json\/wp\/v2\/posts\/24959\/revisions"}],"predecessor-version":[{"id":24961,"href":"https:\/\/www.iceagetv.com\/radiosite\/wp-json\/wp\/v2\/posts\/24959\/revisions\/24961"}],"wp:featuredmedia":[{"embeddable":true,"href":"https:\/\/www.iceagetv.com\/radiosite\/wp-json\/wp\/v2\/media\/24960"}],"wp:attachment":[{"href":"https:\/\/www.iceagetv.com\/radiosite\/wp-json\/wp\/v2\/media?parent=24959"}],"wp:term":[{"taxonomy":"category","embeddable":true,"href":"https:\/\/www.iceagetv.com\/radiosite\/wp-json\/wp\/v2\/categories?post=24959"},{"taxonomy":"post_tag","embeddable":true,"href":"https:\/\/www.iceagetv.com\/radiosite\/wp-json\/wp\/v2\/tags?post=24959"}],"curies":[{"name":"wp","href":"https:\/\/api.w.org\/{rel}","templated":true}]}}