{"id":24986,"date":"2023-06-04T13:56:58","date_gmt":"2023-06-04T13:56:58","guid":{"rendered":"https:\/\/www.iceagetv.com\/radiosite\/?p=24986"},"modified":"2023-06-04T13:56:58","modified_gmt":"2023-06-04T13:56:58","slug":"la-caisse-nationale-dassurance-vieillesse-cnav-assure-quelle-sera-prete-a-appliquer-la-reforme-des-retraites-au-1er-septembre-date-de-son-entree-en-vigueur-officielle","status":"publish","type":"post","link":"https:\/\/www.iceagetv.com\/radiosite\/la-caisse-nationale-dassurance-vieillesse-cnav-assure-quelle-sera-prete-a-appliquer-la-reforme-des-retraites-au-1er-septembre-date-de-son-entree-en-vigueur-officielle\/","title":{"rendered":"La Caisse nationale d&rsquo;assurance vieillesse (Cnav) assure qu&rsquo;elle \u00absera pr\u00eate\u00bb \u00e0 appliquer la r\u00e9forme des retraites au 1er septembre, date de son entr\u00e9e en vigueur officielle"},"content":{"rendered":"\n<p>La Caisse nationale d&rsquo;assurance vieillesse (Cnav) \u00absera pr\u00eate\u00bb \u00e0 appliquer la r\u00e9forme des retraites au 1er septembre, date de son&nbsp;entr\u00e9e en vigueur&nbsp;officielle, a indiqu\u00e9 son directeur g\u00e9n\u00e9ral, Renaud Villard. \u00abOn sera pr\u00eat pour le 1er septembre (&#8230;) il n&rsquo;y aura pas d&rsquo;alerte sur le calendrier\u00bb, a-t-il affirm\u00e9 lors d&rsquo;une rencontre avec l&rsquo;Association des journalistes de l&rsquo;information sociale (Ajis).<\/p>\n\n\n\n<p>La mise en \u0153uvre de la r\u00e9forme repr\u00e9sente un d\u00e9fi d&rsquo;organisation pour la Cnav, qui doit former ses agents aux nouvelles modalit\u00e9s de retraite et adapter son infrastructure informatique, sans qu&rsquo;il n&rsquo;y ait de rupture pour toutes les personnes qui vont partir en retraite dans les prochaines semaines et mois. \u00abD\u00e8s le mois de juillet, il y aura des retraites qui seront calcul\u00e9es suivant les nouvelles r\u00e8gles\u00bb, a annonc\u00e9 Renaud Villard.<\/p>\n\n\n\n<p>Les d\u00e9crets d&rsquo;application de la r\u00e9forme n&rsquo;ont pas encore \u00e9t\u00e9 publi\u00e9s, mais le seront \u00e0 temps, a-t-il assur\u00e9, avec notamment la parution attendue d\u00e8s le d\u00e9but juin du d\u00e9cret concernant les nouvelles dispositions \u00abcarri\u00e8res longues\u00bb, un point clef de la r\u00e9forme. Interrog\u00e9 sur une enqu\u00eate de l&rsquo;hebdomadaire&nbsp;Politis, \u00e9voquant une souffrance au travail des salari\u00e9s de la Cnav, li\u00e9e en particulier \u00e0 des manques d&rsquo;effectifs, Renaud Villard a indiqu\u00e9 qu&rsquo;il ne \u00abm\u00e9sestimait pas la fatigue cognitive des \u00e9quipes\u00bb, contraintes d&rsquo;absorber rapidement les nouvelles r\u00e8gles du jeu.<\/p>\n\n\n\n<p>Plus qu&rsquo;un conflit social, la \u00abvraie inqui\u00e9tude\u00bb est plut\u00f4t \u00abune forme de gr\u00e8ve avec les pieds\u00bb et de \u00ablassitude\u00bb des \u00e9quipes, a-t-il expliqu\u00e9, souhaitant pouvoir lancer rapidement des n\u00e9gociations avec les syndicats sur la qualit\u00e9 de vie au travail. La Cnav a re\u00e7u l&rsquo;autorisation d&#8217;embaucher 500 personnes (\u00e9quivalent temps plein) pour faire face \u00e0 la charge de travail repr\u00e9sent\u00e9e par la r\u00e9forme, dont 200 \u00abont commenc\u00e9 \u00e0 \u00eatre recrut\u00e9es par anticipation d\u00e8s f\u00e9vrier\u00bb, a-t-il par ailleurs soulign\u00e9.<\/p>\n","protected":false},"excerpt":{"rendered":"<p>La Caisse nationale d&rsquo;assurance vieillesse (Cnav) \u00absera pr\u00eate\u00bb \u00e0 appliquer la r\u00e9forme des retraites au 1er septembre, date de son&nbsp;entr\u00e9e en vigueur&nbsp;officielle, a indiqu\u00e9 son directeur g\u00e9n\u00e9ral, Renaud Villard. \u00abOn sera pr\u00eat pour le 1er septembre (&#8230;) il n&rsquo;y aura pas d&rsquo;alerte sur le calendrier\u00bb, a-t-il affirm\u00e9 lors d&rsquo;une rencontre avec l&rsquo;Association des journalistes de [&hellip;]<\/p>\n","protected":false},"author":2,"featured_media":24987,"comment_status":"open","ping_status":"open","sticky":false,"template":"","format":"standard","meta":{"_jetpack_memberships_contains_paid_content":false,"footnotes":"","jetpack_publicize_message":"","jetpack_publicize_feature_enabled":true,"jetpack_social_post_already_shared":true,"jetpack_social_options":{"image_generator_settings":{"template":"highway","default_image_id":0,"font":"","enabled":false},"version":2},"_wpas_customize_per_network":false},"categories":[405],"tags":[],"class_list":["post-24986","post","type-post","status-publish","format-standard","has-post-thumbnail","hentry","category-actu-france-monde"],"jetpack_publicize_connections":[],"jetpack_featured_media_url":"https:\/\/i0.wp.com\/www.iceagetv.com\/radiosite\/wp-content\/uploads\/2023\/06\/La-Caisse-nationale-dassurance-vieillesse.jpg?fit=679%2C293&ssl=1","jetpack_sharing_enabled":true,"_links":{"self":[{"href":"https:\/\/www.iceagetv.com\/radiosite\/wp-json\/wp\/v2\/posts\/24986","targetHints":{"allow":["GET"]}}],"collection":[{"href":"https:\/\/www.iceagetv.com\/radiosite\/wp-json\/wp\/v2\/posts"}],"about":[{"href":"https:\/\/www.iceagetv.com\/radiosite\/wp-json\/wp\/v2\/types\/post"}],"author":[{"embeddable":true,"href":"https:\/\/www.iceagetv.com\/radiosite\/wp-json\/wp\/v2\/users\/2"}],"replies":[{"embeddable":true,"href":"https:\/\/www.iceagetv.com\/radiosite\/wp-json\/wp\/v2\/comments?post=24986"}],"version-history":[{"count":1,"href":"https:\/\/www.iceagetv.com\/radiosite\/wp-json\/wp\/v2\/posts\/24986\/revisions"}],"predecessor-version":[{"id":24988,"href":"https:\/\/www.iceagetv.com\/radiosite\/wp-json\/wp\/v2\/posts\/24986\/revisions\/24988"}],"wp:featuredmedia":[{"embeddable":true,"href":"https:\/\/www.iceagetv.com\/radiosite\/wp-json\/wp\/v2\/media\/24987"}],"wp:attachment":[{"href":"https:\/\/www.iceagetv.com\/radiosite\/wp-json\/wp\/v2\/media?parent=24986"}],"wp:term":[{"taxonomy":"category","embeddable":true,"href":"https:\/\/www.iceagetv.com\/radiosite\/wp-json\/wp\/v2\/categories?post=24986"},{"taxonomy":"post_tag","embeddable":true,"href":"https:\/\/www.iceagetv.com\/radiosite\/wp-json\/wp\/v2\/tags?post=24986"}],"curies":[{"name":"wp","href":"https:\/\/api.w.org\/{rel}","templated":true}]}}