{"id":24989,"date":"2023-06-04T14:50:48","date_gmt":"2023-06-04T14:50:48","guid":{"rendered":"https:\/\/www.iceagetv.com\/radiosite\/?p=24989"},"modified":"2023-06-04T14:50:48","modified_gmt":"2023-06-04T14:50:48","slug":"la-part-des-produits-alimentaires-biologiques-dans-le-panier-de-courses-des-francais-a-recule-de-64-a-6-en-2022-selon-une-etude-le-pouvoir-dachat-en-baisse-a-cause-de-linflation","status":"publish","type":"post","link":"https:\/\/www.iceagetv.com\/radiosite\/la-part-des-produits-alimentaires-biologiques-dans-le-panier-de-courses-des-francais-a-recule-de-64-a-6-en-2022-selon-une-etude-le-pouvoir-dachat-en-baisse-a-cause-de-linflation\/","title":{"rendered":"La part des produits alimentaires biologiques dans le panier de courses des Fran\u00e7ais a recul\u00e9 de 6,4% \u00e0 6% en 2022, selon une \u00e9tude &#8211; Le pouvoir d&rsquo;achat en baisse \u00e0 cause de l&rsquo;inflation"},"content":{"rendered":"\n<p>La part des produits alimentaires biologiques dans le panier de courses des Fran\u00e7ais a recul\u00e9 de 6,4% \u00e0 6% en 2022, a indiqu\u00e9 l&rsquo;Agence bio lors d&rsquo;une conf\u00e9rence de presse, illustrant la crise que traverse le secteur avec un besoin \u00ab\u00a0urgent\u00a0\u00bb de relancer la demande.<\/p>\n\n\n\n<p>La part du bio dans les achats se replie dans un contexte de \u00ab\u00a0recul in\u00e9dit\u00a0\u00bb de la consommation alimentaire \u00e0 domicile des m\u00e9nages (-5,1%), qui ont vu leur pouvoir d&rsquo;achat se r\u00e9tracter \u00e0 cause de l&rsquo;inflation.<\/p>\n\n\n\n<p>En comparaison, la part de bio d\u00e9passe 10% dans les caddies d&rsquo;autres pays europ\u00e9ens comme le Danemark ou l&rsquo;Autriche, qui ont des politiques \u00ab\u00a0tr\u00e8s volontaristes\u00a0\u00bb, a soulign\u00e9 Laure Verdeau, directrice de cette agence en charge du d\u00e9veloppement et de la promotion de ce mode d&rsquo;agriculture.<\/p>\n\n\n\n<p>Les ventes de produits bio pour la consommation \u00e0 domicile, qui repr\u00e9sentent 92% des d\u00e9bouch\u00e9s du secteur, en valeur ont baiss\u00e9 de 4,6% l&rsquo;an pass\u00e9, s&rsquo;\u00e9tablissant \u00e0 12 milliards d&rsquo;euros.<\/p>\n\n\n\n<p>\u00ab\u00a0La plus forte baisse touche les 3.000 magasins bio, avec une chute de la fr\u00e9quentation et pr\u00e8s de 200 fermetures\u00a0\u00bb, a indiqu\u00e9 Mme Verdeau. Leurs ventes se replient de 8,6%, et celles de la grande distribution de 4,6%.<\/p>\n\n\n\n<p>A l&rsquo;inverse, les 26.000 fermes bio, \u00ab\u00a0qui font la conjugaison du bio et du local, sont en croissance\u00a0\u00bb a-t-elle ajout\u00e9, avec des ventes qui progressent de 3,9%.<\/p>\n\n\n\n<p>En 2021, les ventes de produits bio destin\u00e9s \u00e0 la consommation \u00e0 domicile (supermarch\u00e9s, vente \u00e0 la ferme, etc.) avaient d\u00e9j\u00e0 recul\u00e9 de 1,4%, une premi\u00e8re baisse in\u00e9dite depuis 2010.<\/p>\n\n\n\n<p>Les ventes de produits bio pour la consommation hors domicile ont, pour leur part, augment\u00e9 de 17% en 2022, premi\u00e8re ann\u00e9e de reprise de pleine activit\u00e9 pour les restaurants apr\u00e8s la pand\u00e9mie de Covid-19.<\/p>\n\n\n\n<p>La part des denr\u00e9es bio reste stable dans la restauration collective avec 7% des achats &#8211; encore loin de l&rsquo;objectif de 20% fix\u00e9 en 2018 dans la loi Egalim &#8211; et tombe de 2% \u00e0 1% dans la restauration commerciale, pour laquelle \u00ab\u00a0tout reste \u00e0 faire\u00a0\u00bb, a estim\u00e9 Mme Verdeau.<\/p>\n\n\n\n<p>\u00ab\u00a0Le march\u00e9 se pilote autant par l&rsquo;offre dans les champs que dans la demande dans les assiettes\u00a0\u00bb, a-t-elle comment\u00e9, soulignant le besoin \u00ab\u00a0urgent\u00a0\u00bb de relancer la consommation.<\/p>\n\n\n\n<p>Pour aider l&rsquo;agriculture bio \u00e0 traverser cette crise de croissance, le ministre de l&rsquo;Agriculture a annonc\u00e9 mi-mai une \u00ab\u00a0enveloppe de crise\u00a0\u00bb dot\u00e9e de 60 millions d&rsquo;euros.<\/p>\n","protected":false},"excerpt":{"rendered":"<p>La part des produits alimentaires biologiques dans le panier de courses des Fran\u00e7ais a recul\u00e9 de 6,4% \u00e0 6% en 2022, a indiqu\u00e9 l&rsquo;Agence bio lors d&rsquo;une conf\u00e9rence de presse, illustrant la crise que traverse le secteur avec un besoin \u00ab\u00a0urgent\u00a0\u00bb de relancer la demande. La part du bio dans les achats se replie dans [&hellip;]<\/p>\n","protected":false},"author":2,"featured_media":24990,"comment_status":"open","ping_status":"open","sticky":false,"template":"","format":"standard","meta":{"_jetpack_memberships_contains_paid_content":false,"footnotes":"","jetpack_publicize_message":"","jetpack_publicize_feature_enabled":true,"jetpack_social_post_already_shared":true,"jetpack_social_options":{"image_generator_settings":{"template":"highway","default_image_id":0,"font":"","enabled":false},"version":2},"_wpas_customize_per_network":false},"categories":[405],"tags":[],"class_list":["post-24989","post","type-post","status-publish","format-standard","has-post-thumbnail","hentry","category-actu-france-monde"],"jetpack_publicize_connections":[],"jetpack_featured_media_url":"https:\/\/i0.wp.com\/www.iceagetv.com\/radiosite\/wp-content\/uploads\/2023\/06\/La-part-des-produits-alimentaires-biologiques.jpg?fit=679%2C293&ssl=1","jetpack_sharing_enabled":true,"_links":{"self":[{"href":"https:\/\/www.iceagetv.com\/radiosite\/wp-json\/wp\/v2\/posts\/24989","targetHints":{"allow":["GET"]}}],"collection":[{"href":"https:\/\/www.iceagetv.com\/radiosite\/wp-json\/wp\/v2\/posts"}],"about":[{"href":"https:\/\/www.iceagetv.com\/radiosite\/wp-json\/wp\/v2\/types\/post"}],"author":[{"embeddable":true,"href":"https:\/\/www.iceagetv.com\/radiosite\/wp-json\/wp\/v2\/users\/2"}],"replies":[{"embeddable":true,"href":"https:\/\/www.iceagetv.com\/radiosite\/wp-json\/wp\/v2\/comments?post=24989"}],"version-history":[{"count":1,"href":"https:\/\/www.iceagetv.com\/radiosite\/wp-json\/wp\/v2\/posts\/24989\/revisions"}],"predecessor-version":[{"id":24991,"href":"https:\/\/www.iceagetv.com\/radiosite\/wp-json\/wp\/v2\/posts\/24989\/revisions\/24991"}],"wp:featuredmedia":[{"embeddable":true,"href":"https:\/\/www.iceagetv.com\/radiosite\/wp-json\/wp\/v2\/media\/24990"}],"wp:attachment":[{"href":"https:\/\/www.iceagetv.com\/radiosite\/wp-json\/wp\/v2\/media?parent=24989"}],"wp:term":[{"taxonomy":"category","embeddable":true,"href":"https:\/\/www.iceagetv.com\/radiosite\/wp-json\/wp\/v2\/categories?post=24989"},{"taxonomy":"post_tag","embeddable":true,"href":"https:\/\/www.iceagetv.com\/radiosite\/wp-json\/wp\/v2\/tags?post=24989"}],"curies":[{"name":"wp","href":"https:\/\/api.w.org\/{rel}","templated":true}]}}