{"id":24992,"date":"2023-06-04T18:26:19","date_gmt":"2023-06-04T18:26:19","guid":{"rendered":"https:\/\/www.iceagetv.com\/radiosite\/?p=24992"},"modified":"2023-06-04T18:26:19","modified_gmt":"2023-06-04T18:26:19","slug":"en-conflit-avec-le-proprietaire-de-valeurs-actuelles-le-directeur-de-la-redaction-geoffroy-lejeune-aurait-ete-mis-a-pied-et-pourrait-etre-licencie-en-debut-de-semaine-prochaine","status":"publish","type":"post","link":"https:\/\/www.iceagetv.com\/radiosite\/en-conflit-avec-le-proprietaire-de-valeurs-actuelles-le-directeur-de-la-redaction-geoffroy-lejeune-aurait-ete-mis-a-pied-et-pourrait-etre-licencie-en-debut-de-semaine-prochaine\/","title":{"rendered":"En conflit avec le propri\u00e9taire de Valeurs Actuelles, le directeur de la r\u00e9daction Geoffroy Lejeune aurait \u00e9t\u00e9 mis \u00e0 pied, et pourrait \u00eatre licenci\u00e9 en d\u00e9but de semaine prochaine"},"content":{"rendered":"\n<p>En conflit avec le propri\u00e9taire de Valeurs Actuelles, le directeur de la r\u00e9daction du magazine de droite, Geoffroy Lejeune aurait \u00e9t\u00e9 mis \u00e0 pied, et pourrait \u00eatre licenci\u00e9, selon un article publi\u00e9 aujourd&rsquo;hui par le quotidien le Monde. Geoffroy Lejeune est un journaliste tr\u00e8s m\u00e9diatique et tr\u00e8s influent que l&rsquo;on voit r\u00e9guli\u00e8rement sur tous le plateaux t\u00e9l\u00e9 de BFM TV \u00e0 CNews en passant par LCI, mais aussi dans des \u00e9missions de d\u00e9bat politique<\/p>\n\n\n\n<p><a href=\"https:\/\/www.lemonde.fr\/actualite-medias\/article\/2023\/06\/03\/geoffroy-lejeune-mis-a-pied-de-valeurs-actuelles-sur-fond-de-bataille-editoriale_6176070_3236.html\" target=\"_blank\" rel=\"noreferrer noopener\">Nos confr\u00e8res du Monde&nbsp;<\/a>explique ce qui s&rsquo;est pass\u00e9 en fin de semaine derni\u00e8re : \u00ab\u00a0Ce vendredi 2&nbsp;juin, Geoffroy Lejeune, le m\u00e9diatique directeur de la r\u00e9daction de Valeurs actuelles, quitte le si\u00e8ge de la rue Georges-Bizet, dans le 16e&nbsp;arrondissement de Paris, avec interdiction de p\u00e9n\u00e9trer de nouveau dans les locaux. (&#8230;) Il convoqu\u00e9 lundi 12&nbsp;juin pour un entretien pr\u00e9alable \u00e0 sanction pouvant aller jusqu\u2019au licenciement. Une \u00e9tape formelle qui doit lui permettre de s\u2019expliquer sur les faits qui lui sont reproch\u00e9s, mais qui devrait tr\u00e8s probablement d\u00e9boucher sur son d\u00e9part, selon plusieurs sources de la r\u00e9daction et de la hi\u00e9rarchie du magazine.\u00a0\u00bb<\/p>\n\n\n\n<p>Ce n&rsquo;est pas la premi\u00e8re fois que Geoffroy Lejeune se retrouve ainsi en conflit avec le propri\u00e9taire du journal.&nbsp;<a href=\"https:\/\/www.leparisien.fr\/culture-loisirs\/geoffroy-lejeune-mis-a-pied-de-valeurs-actuelles-apres-un-conflit-avec-son-actionnaire-principal-04-06-2023-INSPS3IGLVCEBJ25WGT22PMX4U.php\" target=\"_blank\" rel=\"noreferrer noopener\">Le Parisien<\/a>&nbsp;rappelle que \u00ab\u00a0\u00e0&nbsp;l\u2019automne dernier, la presse sp\u00e9cialis\u00e9e avait avanc\u00e9 que le trentenaire \u00e9tait sur le point d\u2019\u00eatre remerci\u00e9 par le propri\u00e9taire du magazine, l\u2019armateur milliardaire franco-libanais Iskandar Safa, qui voulait le remplacer. Mais le trublion des plateaux t\u00e9l\u00e9s avait sauv\u00e9 sa t\u00eate gr\u00e2ce \u00e0 la mobilisation de sa r\u00e9daction et d\u2019une op\u00e9ration de communication in\u00e9dite \u00ab&nbsp;Je suis l\u00e0 pour VA&nbsp;\u00bb.\u00a0\u00bb<\/p>\n","protected":false},"excerpt":{"rendered":"<p>En conflit avec le propri\u00e9taire de Valeurs Actuelles, le directeur de la r\u00e9daction du magazine de droite, Geoffroy Lejeune aurait \u00e9t\u00e9 mis \u00e0 pied, et pourrait \u00eatre licenci\u00e9, selon un article publi\u00e9 aujourd&rsquo;hui par le quotidien le Monde. Geoffroy Lejeune est un journaliste tr\u00e8s m\u00e9diatique et tr\u00e8s influent que l&rsquo;on voit r\u00e9guli\u00e8rement sur tous le [&hellip;]<\/p>\n","protected":false},"author":2,"featured_media":24993,"comment_status":"open","ping_status":"open","sticky":false,"template":"","format":"standard","meta":{"_jetpack_memberships_contains_paid_content":false,"footnotes":"","jetpack_publicize_message":"","jetpack_publicize_feature_enabled":true,"jetpack_social_post_already_shared":true,"jetpack_social_options":{"image_generator_settings":{"template":"highway","default_image_id":0,"font":"","enabled":false},"version":2},"_wpas_customize_per_network":false},"categories":[405],"tags":[],"class_list":["post-24992","post","type-post","status-publish","format-standard","has-post-thumbnail","hentry","category-actu-france-monde"],"jetpack_publicize_connections":[],"jetpack_featured_media_url":"https:\/\/i0.wp.com\/www.iceagetv.com\/radiosite\/wp-content\/uploads\/2023\/06\/En-conflit-avec-le-proprietaire-de-Valeurs-Actuelles.jpg?fit=679%2C293&ssl=1","jetpack_sharing_enabled":true,"_links":{"self":[{"href":"https:\/\/www.iceagetv.com\/radiosite\/wp-json\/wp\/v2\/posts\/24992","targetHints":{"allow":["GET"]}}],"collection":[{"href":"https:\/\/www.iceagetv.com\/radiosite\/wp-json\/wp\/v2\/posts"}],"about":[{"href":"https:\/\/www.iceagetv.com\/radiosite\/wp-json\/wp\/v2\/types\/post"}],"author":[{"embeddable":true,"href":"https:\/\/www.iceagetv.com\/radiosite\/wp-json\/wp\/v2\/users\/2"}],"replies":[{"embeddable":true,"href":"https:\/\/www.iceagetv.com\/radiosite\/wp-json\/wp\/v2\/comments?post=24992"}],"version-history":[{"count":1,"href":"https:\/\/www.iceagetv.com\/radiosite\/wp-json\/wp\/v2\/posts\/24992\/revisions"}],"predecessor-version":[{"id":24994,"href":"https:\/\/www.iceagetv.com\/radiosite\/wp-json\/wp\/v2\/posts\/24992\/revisions\/24994"}],"wp:featuredmedia":[{"embeddable":true,"href":"https:\/\/www.iceagetv.com\/radiosite\/wp-json\/wp\/v2\/media\/24993"}],"wp:attachment":[{"href":"https:\/\/www.iceagetv.com\/radiosite\/wp-json\/wp\/v2\/media?parent=24992"}],"wp:term":[{"taxonomy":"category","embeddable":true,"href":"https:\/\/www.iceagetv.com\/radiosite\/wp-json\/wp\/v2\/categories?post=24992"},{"taxonomy":"post_tag","embeddable":true,"href":"https:\/\/www.iceagetv.com\/radiosite\/wp-json\/wp\/v2\/tags?post=24992"}],"curies":[{"name":"wp","href":"https:\/\/api.w.org\/{rel}","templated":true}]}}