{"id":24995,"date":"2023-06-05T16:53:57","date_gmt":"2023-06-05T16:53:57","guid":{"rendered":"https:\/\/www.iceagetv.com\/radiosite\/?p=24995"},"modified":"2023-06-05T16:53:57","modified_gmt":"2023-06-05T16:53:57","slug":"agression-du-petit-neveu-de-brigitte-macron-deux-des-prevenus-condamnes-a-de-la-prison-ferme-et-un-relaxe-au-benefice-du-doute","status":"publish","type":"post","link":"https:\/\/www.iceagetv.com\/radiosite\/agression-du-petit-neveu-de-brigitte-macron-deux-des-prevenus-condamnes-a-de-la-prison-ferme-et-un-relaxe-au-benefice-du-doute\/","title":{"rendered":"Agression du petit-neveu de Brigitte Macron : Deux des pr\u00e9venus condamn\u00e9s \u00e0 de la prison ferme et un relax\u00e9 au b\u00e9n\u00e9fice du doute"},"content":{"rendered":"\n<p><strong>\u00a0Deux des pr\u00e9venus condamn\u00e9s \u00e0 de la prison ferme et un relax\u00e9 au b\u00e9n\u00e9fice du doute<\/strong><\/p>\n\n\n\n<p>Jusqu&rsquo;\u00e0 trois ans et demi de prison ferme ont \u00e9t\u00e9 requis lundi devant le tribunal correctionnel contre trois hommes soup\u00e7onn\u00e9s d&rsquo;avoir agress\u00e9 le petit-neveu de Brigitte Macron, Jean-Baptiste Trogneux, devant sa chocolaterie \u00e0 Amiens en marge d&rsquo;une manifestation non-d\u00e9clar\u00e9e contre la r\u00e9forme des retraites.<\/p>\n\n\n\n<p>Une peine de prison ferme de trois ans et demi a \u00e9t\u00e9 requise \u00e0 l&rsquo;encontre de Yoan, de deux ans et demi \u00e0 l&rsquo;encontre de Florian et d&rsquo;un an et demi \u00e0 l&rsquo;encontre d&rsquo;Adrien, trois hommes au profil de marginaux, pour violences en r\u00e9union, le procureur pointant une agression \u00ab\u00a0gratuite, violente et grave\u00a0\u00bb commise le 15 mai<\/p>\n\n\n\n<p>Les trois hommes soup\u00e7onn\u00e9s d&rsquo;avoir agress\u00e9 le petit-neveu de Brigitte Macron, Jean-Baptiste Trogneux, en marge d&rsquo;une manifestation non d\u00e9clar\u00e9e contre la r\u00e9forme des retraites, une affaire qui avait \u00e9mu la classe politique, doivent \u00eatre jug\u00e9s aujourd&rsquo;hui \u00e0 Amiens.<\/p>\n\n\n\n<p>\u00c2g\u00e9s de 20, 22 et 34 ans, ces pr\u00e9venus aux profils de marginaux devaient initialement \u00eatre jug\u00e9s en comparution imm\u00e9diate le 17 mai, deux jours apr\u00e8s les faits, pour violences en r\u00e9union, mais leurs avocats avaient demand\u00e9 plus de temps pour pr\u00e9parer leur d\u00e9fense.<\/p>\n\n\n\n<p>Ils compara\u00eetront en d\u00e9tention provisoire, un placement justifi\u00e9 par le pr\u00e9sident du tribunal en raison \u00abdu risque de r\u00e9it\u00e9ration des faits\u00bb. Le procureur de la R\u00e9publique d&rsquo;Amiens, Jean-Philippe Vicentini, en avait fait la demande, arguant que \u00abdans la d\u00e9mocratie, on doit parler, on ne peut pas cogner\u00bb. Le proc\u00e8s doit s&rsquo;ouvrir \u00e0 14 heures.<\/p>\n\n\n\n<p>Patron de la c\u00e9l\u00e8bre chocolaterie fond\u00e9e par l&rsquo;arri\u00e8re grand-p\u00e8re de Brigitte Macron, Jean-Baptiste Trogneux, 30 ans, a \u00e9t\u00e9 molest\u00e9 le 15 mai devant son domicile, situ\u00e9 au-dessus de son commerce \u00e0 Amiens, par plusieurs personnes qui participaient \u00e0 la manifestation non d\u00e9clar\u00e9e, selon son p\u00e8re, Jean-Alexandre.<\/p>\n\n\n\n<p>De source polici\u00e8re, il a re\u00e7u quatre jours d&rsquo;incapacit\u00e9 totale de travail (ITT). Selon son avocat Franck Delahousse, il voulait \u00abd\u00e9fendre la vitrine de son magasin, d\u00e9j\u00e0 vis\u00e9e \u00e0 plusieurs reprises\u00bb. La chocolaterie b\u00e9n\u00e9ficie d&rsquo;une surveillance polici\u00e8re \u00e0 chaque manifestation ces derni\u00e8res ann\u00e9es.<\/p>\n\n\n\n<p>.<\/p>\n","protected":false},"excerpt":{"rendered":"<p>\u00a0Deux des pr\u00e9venus condamn\u00e9s \u00e0 de la prison ferme et un relax\u00e9 au b\u00e9n\u00e9fice du doute Jusqu&rsquo;\u00e0 trois ans et demi de prison ferme ont \u00e9t\u00e9 requis lundi devant le tribunal correctionnel contre trois hommes soup\u00e7onn\u00e9s d&rsquo;avoir agress\u00e9 le petit-neveu de Brigitte Macron, Jean-Baptiste Trogneux, devant sa chocolaterie \u00e0 Amiens en marge d&rsquo;une manifestation non-d\u00e9clar\u00e9e [&hellip;]<\/p>\n","protected":false},"author":2,"featured_media":24996,"comment_status":"open","ping_status":"open","sticky":false,"template":"","format":"standard","meta":{"_jetpack_memberships_contains_paid_content":false,"footnotes":"","jetpack_publicize_message":"","jetpack_publicize_feature_enabled":true,"jetpack_social_post_already_shared":true,"jetpack_social_options":{"image_generator_settings":{"template":"highway","default_image_id":0,"font":"","enabled":false},"version":2},"_wpas_customize_per_network":false},"categories":[405],"tags":[],"class_list":["post-24995","post","type-post","status-publish","format-standard","has-post-thumbnail","hentry","category-actu-france-monde"],"jetpack_publicize_connections":[],"jetpack_featured_media_url":"https:\/\/i0.wp.com\/www.iceagetv.com\/radiosite\/wp-content\/uploads\/2023\/06\/Agression-du-petit-neveu-de-Brigitte-Macron.jpg?fit=679%2C293&ssl=1","jetpack_sharing_enabled":true,"_links":{"self":[{"href":"https:\/\/www.iceagetv.com\/radiosite\/wp-json\/wp\/v2\/posts\/24995","targetHints":{"allow":["GET"]}}],"collection":[{"href":"https:\/\/www.iceagetv.com\/radiosite\/wp-json\/wp\/v2\/posts"}],"about":[{"href":"https:\/\/www.iceagetv.com\/radiosite\/wp-json\/wp\/v2\/types\/post"}],"author":[{"embeddable":true,"href":"https:\/\/www.iceagetv.com\/radiosite\/wp-json\/wp\/v2\/users\/2"}],"replies":[{"embeddable":true,"href":"https:\/\/www.iceagetv.com\/radiosite\/wp-json\/wp\/v2\/comments?post=24995"}],"version-history":[{"count":1,"href":"https:\/\/www.iceagetv.com\/radiosite\/wp-json\/wp\/v2\/posts\/24995\/revisions"}],"predecessor-version":[{"id":24997,"href":"https:\/\/www.iceagetv.com\/radiosite\/wp-json\/wp\/v2\/posts\/24995\/revisions\/24997"}],"wp:featuredmedia":[{"embeddable":true,"href":"https:\/\/www.iceagetv.com\/radiosite\/wp-json\/wp\/v2\/media\/24996"}],"wp:attachment":[{"href":"https:\/\/www.iceagetv.com\/radiosite\/wp-json\/wp\/v2\/media?parent=24995"}],"wp:term":[{"taxonomy":"category","embeddable":true,"href":"https:\/\/www.iceagetv.com\/radiosite\/wp-json\/wp\/v2\/categories?post=24995"},{"taxonomy":"post_tag","embeddable":true,"href":"https:\/\/www.iceagetv.com\/radiosite\/wp-json\/wp\/v2\/tags?post=24995"}],"curies":[{"name":"wp","href":"https:\/\/api.w.org\/{rel}","templated":true}]}}