{"id":25008,"date":"2023-06-06T10:37:08","date_gmt":"2023-06-06T10:37:08","guid":{"rendered":"https:\/\/www.iceagetv.com\/radiosite\/?p=25008"},"modified":"2023-06-06T10:37:08","modified_gmt":"2023-06-06T10:37:08","slug":"le-pape-francois-a-ete-admis-ce-matin-a-lhopital-gemelli-de-rome-pour-des-examens-de-controle-fin-mars-le-souverain-pontife-avait-ete-hospitalise-pour-une-infection-respiratoire","status":"publish","type":"post","link":"https:\/\/www.iceagetv.com\/radiosite\/le-pape-francois-a-ete-admis-ce-matin-a-lhopital-gemelli-de-rome-pour-des-examens-de-controle-fin-mars-le-souverain-pontife-avait-ete-hospitalise-pour-une-infection-respiratoire\/","title":{"rendered":"Le pape Fran\u00e7ois a \u00e9t\u00e9 admis ce matin \u00e0 l&rsquo;h\u00f4pital Gemelli de Rome pour des examens de contr\u00f4le &#8211; Fin mars, le souverain pontife avait \u00e9t\u00e9 hospitalis\u00e9 pour une infection respiratoire"},"content":{"rendered":"\n<p>Le pape Fran\u00e7ois, 86 ans, a \u00e9t\u00e9 admis mardi \u00e0 l\u2019h\u00f4pital Gemelli de Rome pour des examens de contr\u00f4le, ont annonc\u00e9 les agences italiennes.<\/p>\n\n\n\n<p>Le pape argentin est arriv\u00e9 \u00e0 10H40 (08H40 GMT) dans cet \u00e9tablissement dans lequel il avait d\u00e9j\u00e0 \u00e9t\u00e9 soign\u00e9 fin mars pour une infection respiratoire, puis le 26 mai en raison d\u2019un \u00e9tat fi\u00e9vreux, selon les agences Ansa et AGI. Contact\u00e9s par l\u2019AFP, ni le Vatican ni l\u2019h\u00f4pital n\u2019ont imm\u00e9diatement confirm\u00e9.<\/p>\n\n\n\n<p>En mars, le Vatican avait annonc\u00e9 que le pape se rendait \u00e0 l\u2019h\u00f4pital pour des examens programm\u00e9s, avant d\u2019admettre qu\u2019il avait \u00e9prouv\u00e9 des difficult\u00e9s \u00e0 respirer et souffrait d\u2019une infection n\u00e9cessitant un traitement antibiotique.<\/p>\n\n\n\n<p>Le pape Fran\u00e7ois a confi\u00e9 il y a deux semaines lors d\u2019une interview avec la t\u00e9l\u00e9vision hispanophone Telemundo que cette \u00ab&nbsp;pneumonie&nbsp;\u00bb avait \u00e9t\u00e9 trait\u00e9e \u00ab&nbsp;\u00e0 temps&nbsp;\u00bb. \u00ab&nbsp;Si on avait attendu quelques heures de plus, \u00e7a aurait \u00e9t\u00e9 bien plus grave&nbsp;\u00bb, a-t-il affirm\u00e9.<\/p>\n","protected":false},"excerpt":{"rendered":"<p>Le pape Fran\u00e7ois, 86 ans, a \u00e9t\u00e9 admis mardi \u00e0 l\u2019h\u00f4pital Gemelli de Rome pour des examens de contr\u00f4le, ont annonc\u00e9 les agences italiennes. Le pape argentin est arriv\u00e9 \u00e0 10H40 (08H40 GMT) dans cet \u00e9tablissement dans lequel il avait d\u00e9j\u00e0 \u00e9t\u00e9 soign\u00e9 fin mars pour une infection respiratoire, puis le 26 mai en raison [&hellip;]<\/p>\n","protected":false},"author":2,"featured_media":25009,"comment_status":"open","ping_status":"open","sticky":false,"template":"","format":"standard","meta":{"_jetpack_memberships_contains_paid_content":false,"footnotes":"","jetpack_publicize_message":"","jetpack_publicize_feature_enabled":true,"jetpack_social_post_already_shared":true,"jetpack_social_options":{"image_generator_settings":{"template":"highway","default_image_id":0,"font":"","enabled":false},"version":2},"_wpas_customize_per_network":false},"categories":[405],"tags":[],"class_list":["post-25008","post","type-post","status-publish","format-standard","has-post-thumbnail","hentry","category-actu-france-monde"],"jetpack_publicize_connections":[],"jetpack_featured_media_url":"https:\/\/i0.wp.com\/www.iceagetv.com\/radiosite\/wp-content\/uploads\/2023\/06\/capture_decran_2023-03-30_a_11.webp?fit=680%2C294&ssl=1","jetpack_sharing_enabled":true,"_links":{"self":[{"href":"https:\/\/www.iceagetv.com\/radiosite\/wp-json\/wp\/v2\/posts\/25008","targetHints":{"allow":["GET"]}}],"collection":[{"href":"https:\/\/www.iceagetv.com\/radiosite\/wp-json\/wp\/v2\/posts"}],"about":[{"href":"https:\/\/www.iceagetv.com\/radiosite\/wp-json\/wp\/v2\/types\/post"}],"author":[{"embeddable":true,"href":"https:\/\/www.iceagetv.com\/radiosite\/wp-json\/wp\/v2\/users\/2"}],"replies":[{"embeddable":true,"href":"https:\/\/www.iceagetv.com\/radiosite\/wp-json\/wp\/v2\/comments?post=25008"}],"version-history":[{"count":1,"href":"https:\/\/www.iceagetv.com\/radiosite\/wp-json\/wp\/v2\/posts\/25008\/revisions"}],"predecessor-version":[{"id":25010,"href":"https:\/\/www.iceagetv.com\/radiosite\/wp-json\/wp\/v2\/posts\/25008\/revisions\/25010"}],"wp:featuredmedia":[{"embeddable":true,"href":"https:\/\/www.iceagetv.com\/radiosite\/wp-json\/wp\/v2\/media\/25009"}],"wp:attachment":[{"href":"https:\/\/www.iceagetv.com\/radiosite\/wp-json\/wp\/v2\/media?parent=25008"}],"wp:term":[{"taxonomy":"category","embeddable":true,"href":"https:\/\/www.iceagetv.com\/radiosite\/wp-json\/wp\/v2\/categories?post=25008"},{"taxonomy":"post_tag","embeddable":true,"href":"https:\/\/www.iceagetv.com\/radiosite\/wp-json\/wp\/v2\/tags?post=25008"}],"curies":[{"name":"wp","href":"https:\/\/api.w.org\/{rel}","templated":true}]}}