{"id":25012,"date":"2023-06-06T18:54:15","date_gmt":"2023-06-06T18:54:15","guid":{"rendered":"https:\/\/www.iceagetv.com\/radiosite\/?p=25012"},"modified":"2023-06-06T18:54:15","modified_gmt":"2023-06-06T18:54:15","slug":"retraites-31-000-manifestants-a-paris-selon-la-prefecture-300-000-selon-la-cgt-chiffres-les-plus-faibles-depuis-le-debut-du-mouvement-social-un-crs-a-ete-blesse-par-un-pave-en-marge-du-cortege-pa","status":"publish","type":"post","link":"https:\/\/www.iceagetv.com\/radiosite\/retraites-31-000-manifestants-a-paris-selon-la-prefecture-300-000-selon-la-cgt-chiffres-les-plus-faibles-depuis-le-debut-du-mouvement-social-un-crs-a-ete-blesse-par-un-pave-en-marge-du-cortege-pa\/","title":{"rendered":"Retraites: 31.000 manifestants \u00e0 Paris selon la pr\u00e9fecture, 300.000 selon la CGT, chiffres les plus faibles depuis le d\u00e9but du mouvement social &#8211; Un CRS a \u00e9t\u00e9 bless\u00e9 par un pav\u00e9 en marge du cort\u00e8ge parisien"},"content":{"rendered":"\n<p>La pr\u00e9fecture de Police annonce \u00e0 18h45 28 interpellations \u00e0 Paris<strong>281.000 manifestants en France aujourd&rsquo;hui selon\u00a0le minist\u00e8re de l&rsquo;Int\u00e9rieur,\u00a0contre 900.000 revendiqu\u00e9s par la CGT<\/strong>A Rennes, cinq personnes ont \u00e9t\u00e9 interpell\u00e9es, indique la pr\u00e9fecture, trois pour une \u00ab\u00a0v\u00e9rification d&rsquo;identit\u00e9\u00a0\u00bb et deux pour \u00ab\u00a0d\u00e9tention de bouclier\u00a0\u00bb. Et d&rsquo;ajouter\u00a0qu&rsquo;un policier de la BAC a \u00e9t\u00e9 bless\u00e9 au genou.<strong>Des tensions \u00e9clatent place d&rsquo;Italie \u00e0 Paris &#8211; Les forces de l&rsquo;ordre vis\u00e9es par des projectiles de la part d&rsquo;\u00e9l\u00e9ments radicaux\u00a0Un CRS a \u00e9t\u00e9 bless\u00e9 par un pav\u00e9 en marge du cort\u00e8ge parisienLa pr\u00e9fecture de police revendique quant \u00e0 elle 31.000 manifestants \u00e0 Paris, contre 300.000 annonc\u00e9s par la CGTA 17h30, 17 personnes ont \u00e9t\u00e9 interpell\u00e9es en marge du cort\u00e8ge parisien, selon la pr\u00e9fecture de police.Des incidents \u00e9clatent actuellement \u00e0 Paris &#8211; Des black-blocs incendient une remorque de chantier, et jettent des projectiles en direction des pompiers et des forces de l&rsquo;ordre<\/strong><\/p>\n\n\n\n<p>Le leader de l&rsquo;Unsa, Laurent Escure, a appel\u00e9 mardi \u00e0 un&nbsp;r\u00e9f\u00e9rendum d&rsquo;initiative partag\u00e9e&nbsp;(RIP) sur la&nbsp;r\u00e9forme des retraites&nbsp;le 14 avril 2024, soit un an apr\u00e8s sa promulgation, ce qui pourrait \u00e9viter son rejet par le&nbsp;Conseil constitutionnel, \u00e0 l&rsquo;instar des deux premiers RIP.<\/p>\n\n\n\n<p>\u00abUn RIP pourra \u00eatre organis\u00e9 un an apr\u00e8s la promulgation, soit le 14 avril 2024\u00bb, a d\u00e9clar\u00e9 \u00e0 l&rsquo;AFP le secr\u00e9taire g\u00e9n\u00e9ral de l&rsquo;Union nationale des syndicats autonomes, ce qui permettrait de respecter une des conditions de la loi sur les RIP, selon laquelle ce type de r\u00e9f\u00e9rendum \u00abne peut avoir pour objet l&rsquo;abrogation d&rsquo;une disposition l\u00e9gislative promulgu\u00e9e depuis moins d&rsquo;un an\u00bb.<\/p>\n\n\n\n<p>La r\u00e9forme des retraites a \u00e9t\u00e9 promulgu\u00e9e le 14 avril 2023. Ce point avait \u00e9t\u00e9 une des raisons invoqu\u00e9es par le Conseil constitutionnel pour rejeter les deux demandes de RIP effectu\u00e9es au printemps. \u00ab2024, \u00e7a va venir tr\u00e8s vite\u00bb, a ajout\u00e9 Laurent Escure, d\u00e9filant dans la manifestation contre la r\u00e9forme des retraites \u00e0 Dijon, o\u00f9 se tient jusqu&rsquo;\u00e0 jeudi le congr\u00e8s de son syndicat. \u00abEntre-deux, on va continuer \u00e0 mener le combat sous toutes ses formes\u00bb, a poursuivi le secr\u00e9taire g\u00e9n\u00e9ral, qui devrait probablement \u00eatre reconduit \u00e0 la t\u00eate de l&rsquo;Unsa jeudi.<\/p>\n\n\n\n<p>\u00abOui, le combat va se poursuivre sous d&rsquo;autres formes, \u00e0 raison de p\u00e9titions et \u00e0 chaque fois qu&rsquo;on aura l&rsquo;initiative d&rsquo;\u00e9voquer le sujet sur d&rsquo;autres projets\u00bb, a ajout\u00e9 M. Escure, en r\u00e9ponse \u00e0 une d\u00e9claration du patron de la CFDT, Laurent Berger, estimant que \u00able match (\u00e9tait) en train de se terminer\u00bb et que la manifestation de ce mardi \u00e9tait \u00abla derni\u00e8re\u00bb de ce type sur les retraites. \u00abPour nous, ce n&rsquo;est pas fini\u00bb, a-t-il assur\u00e9. Si d&rsquo;aventure un RIP \u00e9tait valid\u00e9, il devrait encore recueillir 4,8 millions de soutiens citoyens en neuf mois.<\/p>\n","protected":false},"excerpt":{"rendered":"<p>La pr\u00e9fecture de Police annonce \u00e0 18h45 28 interpellations \u00e0 Paris281.000 manifestants en France aujourd&rsquo;hui selon\u00a0le minist\u00e8re de l&rsquo;Int\u00e9rieur,\u00a0contre 900.000 revendiqu\u00e9s par la CGTA Rennes, cinq personnes ont \u00e9t\u00e9 interpell\u00e9es, indique la pr\u00e9fecture, trois pour une \u00ab\u00a0v\u00e9rification d&rsquo;identit\u00e9\u00a0\u00bb et deux pour \u00ab\u00a0d\u00e9tention de bouclier\u00a0\u00bb. Et d&rsquo;ajouter\u00a0qu&rsquo;un policier de la BAC a \u00e9t\u00e9 bless\u00e9 au genou.Des [&hellip;]<\/p>\n","protected":false},"author":2,"featured_media":25013,"comment_status":"open","ping_status":"open","sticky":false,"template":"","format":"standard","meta":{"_jetpack_memberships_contains_paid_content":false,"footnotes":"","jetpack_publicize_message":"","jetpack_publicize_feature_enabled":true,"jetpack_social_post_already_shared":true,"jetpack_social_options":{"image_generator_settings":{"template":"highway","default_image_id":0,"font":"","enabled":false},"version":2},"_wpas_customize_per_network":false},"categories":[405],"tags":[],"class_list":["post-25012","post","type-post","status-publish","format-standard","has-post-thumbnail","hentry","category-actu-france-monde"],"jetpack_publicize_connections":[],"jetpack_featured_media_url":"https:\/\/i0.wp.com\/www.iceagetv.com\/radiosite\/wp-content\/uploads\/2023\/06\/31.000-manifestants-a-Paris.jpg?fit=679%2C293&ssl=1","jetpack_sharing_enabled":true,"_links":{"self":[{"href":"https:\/\/www.iceagetv.com\/radiosite\/wp-json\/wp\/v2\/posts\/25012","targetHints":{"allow":["GET"]}}],"collection":[{"href":"https:\/\/www.iceagetv.com\/radiosite\/wp-json\/wp\/v2\/posts"}],"about":[{"href":"https:\/\/www.iceagetv.com\/radiosite\/wp-json\/wp\/v2\/types\/post"}],"author":[{"embeddable":true,"href":"https:\/\/www.iceagetv.com\/radiosite\/wp-json\/wp\/v2\/users\/2"}],"replies":[{"embeddable":true,"href":"https:\/\/www.iceagetv.com\/radiosite\/wp-json\/wp\/v2\/comments?post=25012"}],"version-history":[{"count":1,"href":"https:\/\/www.iceagetv.com\/radiosite\/wp-json\/wp\/v2\/posts\/25012\/revisions"}],"predecessor-version":[{"id":25014,"href":"https:\/\/www.iceagetv.com\/radiosite\/wp-json\/wp\/v2\/posts\/25012\/revisions\/25014"}],"wp:featuredmedia":[{"embeddable":true,"href":"https:\/\/www.iceagetv.com\/radiosite\/wp-json\/wp\/v2\/media\/25013"}],"wp:attachment":[{"href":"https:\/\/www.iceagetv.com\/radiosite\/wp-json\/wp\/v2\/media?parent=25012"}],"wp:term":[{"taxonomy":"category","embeddable":true,"href":"https:\/\/www.iceagetv.com\/radiosite\/wp-json\/wp\/v2\/categories?post=25012"},{"taxonomy":"post_tag","embeddable":true,"href":"https:\/\/www.iceagetv.com\/radiosite\/wp-json\/wp\/v2\/tags?post=25012"}],"curies":[{"name":"wp","href":"https:\/\/api.w.org\/{rel}","templated":true}]}}