{"id":25019,"date":"2023-06-07T08:46:46","date_gmt":"2023-06-07T08:46:46","guid":{"rendered":"https:\/\/www.iceagetv.com\/radiosite\/?p=25019"},"modified":"2023-06-07T08:46:46","modified_gmt":"2023-06-07T08:46:46","slug":"le-pape-francois-hospitalise-hier-a-rome-va-etre-opere-aujourdhui-pour-un-risque-docclusion-intestinale-annonce-le-vatican","status":"publish","type":"post","link":"https:\/\/www.iceagetv.com\/radiosite\/le-pape-francois-hospitalise-hier-a-rome-va-etre-opere-aujourdhui-pour-un-risque-docclusion-intestinale-annonce-le-vatican\/","title":{"rendered":"Le pape Fran\u00e7ois, hospitalis\u00e9 hier \u00e0 Rome, va \u00eatre op\u00e9r\u00e9 aujourd&rsquo;hui pour un risque d&rsquo;occlusion intestinale, annonce le Vatican"},"content":{"rendered":"\n<p>Le&nbsp;pape Fran\u00e7ois, hospitalis\u00e9 hier \u00e0 Rome (Italie), va \u00eatre op\u00e9r\u00e9, cet apr\u00e8s-midi, de l&rsquo;abdomen, a annonc\u00e9 le Vatican \u00e0 l&rsquo;agence de presse Reuters. Cela fait suite \u00e0 un risque d&rsquo;occlusion intestinale.<\/p>\n\n\n\n<p>En mars, le Vatican avait annonc\u00e9 que le pape se rendait \u00e0 l\u2019h\u00f4pital pour des examens programm\u00e9s, avant d\u2019admettre qu\u2019il avait \u00e9prouv\u00e9 des difficult\u00e9s \u00e0 respirer et souffrait d\u2019une infection n\u00e9cessitant un traitement antibiotique.<\/p>\n\n\n\n<p>Le pape Fran\u00e7ois a confi\u00e9 il y a deux semaines lors d\u2019une interview avec la t\u00e9l\u00e9vision hispanophone Telemundo que cette \u00ab&nbsp;pneumonie&nbsp;\u00bb avait \u00e9t\u00e9 trait\u00e9e \u00ab&nbsp;\u00e0 temps&nbsp;\u00bb. \u00ab&nbsp;Si on avait attendu quelques heures de plus, \u00e7a aurait \u00e9t\u00e9 bien plus grave&nbsp;\u00bb, a-t-il affirm\u00e9.<\/p>\n\n\n\n<p>Quant \u00e0 ses douleurs au genou, qui l\u2019obligent \u00e0 se d\u00e9placer en fauteuil roulant ou \u00e0 l\u2019aide d\u2019une canne, il a indiqu\u00e9 se sentir \u00ab&nbsp;beaucoup mieux&nbsp;\u00bb. \u00ab&nbsp;Certains jours sont plus douloureux que d\u2019autres, comme aujourd\u2019hui, mais cela fait partie de la r\u00e9cup\u00e9ration&nbsp;\u00bb, a-t-il affirm\u00e9.<\/p>\n\n\n\n<p>La sant\u00e9 de Jorge Bergoglio, \u00e9lu en 2013, alimente r\u00e9guli\u00e8rement les sp\u00e9culations sur l\u2019\u00e9ventualit\u00e9 d\u2019une renonciation \u00e0 sa charge et sa succession.<\/p>\n\n\n\n<p>Il a d\u00e9clar\u00e9 \u00e0 plusieurs reprises qu\u2019il envisagerait de d\u00e9missionner &#8212; comme son pr\u00e9d\u00e9cesseur Beno\u00eet XVI, d\u00e9c\u00e9d\u00e9 en d\u00e9cembre &#8212; si sa sant\u00e9 venait \u00e0 faiblir, mais il a affirm\u00e9 r\u00e9cemment que ce n\u2019\u00e9tait pas d\u2019actualit\u00e9.<\/p>\n","protected":false},"excerpt":{"rendered":"<p>Le&nbsp;pape Fran\u00e7ois, hospitalis\u00e9 hier \u00e0 Rome (Italie), va \u00eatre op\u00e9r\u00e9, cet apr\u00e8s-midi, de l&rsquo;abdomen, a annonc\u00e9 le Vatican \u00e0 l&rsquo;agence de presse Reuters. Cela fait suite \u00e0 un risque d&rsquo;occlusion intestinale. En mars, le Vatican avait annonc\u00e9 que le pape se rendait \u00e0 l\u2019h\u00f4pital pour des examens programm\u00e9s, avant d\u2019admettre qu\u2019il avait \u00e9prouv\u00e9 des difficult\u00e9s [&hellip;]<\/p>\n","protected":false},"author":2,"featured_media":25020,"comment_status":"open","ping_status":"open","sticky":false,"template":"","format":"standard","meta":{"_jetpack_memberships_contains_paid_content":false,"footnotes":"","jetpack_publicize_message":"","jetpack_publicize_feature_enabled":true,"jetpack_social_post_already_shared":true,"jetpack_social_options":{"image_generator_settings":{"template":"highway","default_image_id":0,"font":"","enabled":false},"version":2},"_wpas_customize_per_network":false},"categories":[405],"tags":[],"class_list":["post-25019","post","type-post","status-publish","format-standard","has-post-thumbnail","hentry","category-actu-france-monde"],"jetpack_publicize_connections":[],"jetpack_featured_media_url":"https:\/\/i0.wp.com\/www.iceagetv.com\/radiosite\/wp-content\/uploads\/2023\/06\/Le-pape-Francois.jpg?fit=679%2C293&ssl=1","jetpack_sharing_enabled":true,"_links":{"self":[{"href":"https:\/\/www.iceagetv.com\/radiosite\/wp-json\/wp\/v2\/posts\/25019","targetHints":{"allow":["GET"]}}],"collection":[{"href":"https:\/\/www.iceagetv.com\/radiosite\/wp-json\/wp\/v2\/posts"}],"about":[{"href":"https:\/\/www.iceagetv.com\/radiosite\/wp-json\/wp\/v2\/types\/post"}],"author":[{"embeddable":true,"href":"https:\/\/www.iceagetv.com\/radiosite\/wp-json\/wp\/v2\/users\/2"}],"replies":[{"embeddable":true,"href":"https:\/\/www.iceagetv.com\/radiosite\/wp-json\/wp\/v2\/comments?post=25019"}],"version-history":[{"count":1,"href":"https:\/\/www.iceagetv.com\/radiosite\/wp-json\/wp\/v2\/posts\/25019\/revisions"}],"predecessor-version":[{"id":25021,"href":"https:\/\/www.iceagetv.com\/radiosite\/wp-json\/wp\/v2\/posts\/25019\/revisions\/25021"}],"wp:featuredmedia":[{"embeddable":true,"href":"https:\/\/www.iceagetv.com\/radiosite\/wp-json\/wp\/v2\/media\/25020"}],"wp:attachment":[{"href":"https:\/\/www.iceagetv.com\/radiosite\/wp-json\/wp\/v2\/media?parent=25019"}],"wp:term":[{"taxonomy":"category","embeddable":true,"href":"https:\/\/www.iceagetv.com\/radiosite\/wp-json\/wp\/v2\/categories?post=25019"},{"taxonomy":"post_tag","embeddable":true,"href":"https:\/\/www.iceagetv.com\/radiosite\/wp-json\/wp\/v2\/tags?post=25019"}],"curies":[{"name":"wp","href":"https:\/\/api.w.org\/{rel}","templated":true}]}}