{"id":25028,"date":"2023-06-08T11:22:55","date_gmt":"2023-06-08T11:22:55","guid":{"rendered":"https:\/\/www.iceagetv.com\/radiosite\/?p=25028"},"modified":"2023-06-08T11:22:55","modified_gmt":"2023-06-08T11:22:55","slug":"attaque-au-couteau-a-annecy-un-nouveau-bilan-fait-etat-de-4-enfants-et-2-adultes-entre-la-vie-et-la-mort-annonce-la-prefecture-lindividu-interpelle-attaque-dune-lachete-absolue-d","status":"publish","type":"post","link":"https:\/\/www.iceagetv.com\/radiosite\/attaque-au-couteau-a-annecy-un-nouveau-bilan-fait-etat-de-4-enfants-et-2-adultes-entre-la-vie-et-la-mort-annonce-la-prefecture-lindividu-interpelle-attaque-dune-lachete-absolue-d\/","title":{"rendered":"Attaque au couteau \u00e0 Annecy: Un nouveau bilan fait \u00e9tat de 4 enfants et 2 adultes entre la vie et la mort, annonce la pr\u00e9fecture &#8211; L&rsquo;individu interpell\u00e9 &#8211; \u00ab\u00a0Attaque d\u2019une l\u00e2chet\u00e9 absolue\u00a0\u00bb, d\u00e9clare Emmanuel Macron"},"content":{"rendered":"\n<p><strong>Un nouveau bilan de la pr\u00e9fecture fait \u00e9tat de 4 enfants et 2 adultes entre la vie et la mort, annonce la pr\u00e9fecture<\/strong><\/p>\n\n\n\n<p><strong>Le point sur ce que l&rsquo;on sait ce midi<\/strong><\/p>\n\n\n\n<p>Un homme muni d&rsquo;une arme blanche a sem\u00e9 la terreur jeudi matin dans un parc sur les bords du lac d&rsquo;Annecy, blessant cinq personnes dont quatre enfants en tr\u00e8s bas \u00e2ge avant d&rsquo;\u00eatre interpell\u00e9 par la police. Selon l&rsquo;identit\u00e9 d\u00e9clar\u00e9e par l&rsquo;agresseur, il est n\u00e9 en 1991, de nationalit\u00e9 syrienne, demandeur d&rsquo;asile et inconnu de tous les fichiers, a-t-on appris de source polici\u00e8re.<\/p>\n\n\n\n<p>Le caract\u00e8re terroriste ou non de l\u2019attaque est en cours d\u2019\u00e9valuation, selon une source proche du dossier. Trois des victimes, deux enfants et un adulte, ont un pronostic vital engag\u00e9, a-t-on ajout\u00e9 de source proche du dossier. L&rsquo;homme, arm\u00e9 d&rsquo;un couteau, s&rsquo;est attaqu\u00e9 \u00e0 des enfants \u00e2g\u00e9s d&rsquo;environ trois ans qui \u00e9taient sur une aire de jeu dans le grand parc qui borde le lac d&rsquo;Annecy.<\/p>\n\n\n\n<p>\u00ab\u00a0Ca s&rsquo;est pass\u00e9 \u00e0 9h45 ce matin, \u00e0 l&rsquo;arme blanche\u00a0\u00bb aux abords du jardin de l&rsquo;Europe, parc tr\u00e8s fr\u00e9quent\u00e9 situ\u00e9 sur les bords du lac d&rsquo;Annecy, a rapport\u00e9 de son c\u00f4t\u00e9 la pr\u00e9fecture, annon\u00e7ant auparavant un bilan provisoire de huit bless\u00e9s. Une cellule de crise a \u00e9t\u00e9 install\u00e9e \u00e0 la pr\u00e9fecture de Haute-Savoie, qui a aussi mis en place un dispositif d&rsquo;information \u00e0 destination du public, joignable au 04 50 33 61 33.<\/p>\n\n\n\n<p>Selon le quotidien Dauphin\u00e9 lib\u00e9r\u00e9, les victimes ont \u00e9t\u00e9 transf\u00e9r\u00e9es au centre hospitalier Annecy Genevois et les t\u00e9moins ont \u00e9t\u00e9 achemin\u00e9s dans un b\u00e2timent proche des lieux du drame, dont les abords ont \u00e9t\u00e9 boucl\u00e9s par un important dispositif policier.<\/p>\n\n\n\n<p>Selon des t\u00e9moins interrog\u00e9s sur BFM TV, apr\u00e8s l&rsquo;attaque, l&rsquo;homme a tent\u00e9 de s&rsquo;enfuir de l&rsquo;aire de jeu et attaqu\u00e9 une personne \u00e2g\u00e9e avant d&rsquo;\u00eatre interpell\u00e9 tr\u00e8s rapidement par la police. Aussit\u00f4t, le ministre de l&rsquo;Int\u00e9rieur G\u00e9rald Darmanin a post\u00e9 un tweet: \u00ab\u00a0Plusieurs personnes dont des enfants ont \u00e9t\u00e9 bless\u00e9es par un individu arm\u00e9 d&rsquo;un couteau dans un square \u00e0 Annecy. L&rsquo;individu a \u00e9t\u00e9 interpell\u00e9 gr\u00e2ce \u00e0 l&rsquo;intervention tr\u00e8s rapide des forces de l\u2019ordre\u00a0\u00bb.<\/p>\n\n\n\n<p>A Paris, d\u00e9put\u00e9s et membres du gouvernement ont observ\u00e9 une minute de silence \u00e0 l&rsquo;Assembl\u00e9e nationale. La pr\u00e9sidente de l&rsquo;Assembl\u00e9e Ya\u00ebl Braun-Pivet a invit\u00e9 \u00e0 cette minute de silence \u00ab\u00a0pour eux, pour leurs familles\u00a0\u00bb, apr\u00e8s cette \u00ab\u00a0attaque gravissime\u00a0\u00bb.<\/p>\n\n\n\n<p>Elisabeth Borne et G\u00e9rald Darmanin sont attendus sur place jeudi, ont \u00e9galement annonc\u00e9 leurs entourages \u00e0 l&rsquo;AFP. \u00ab\u00a0Effroyable attaque ce matin sur le P\u00e2quier \u00e0 Annecy. Toutes mes pens\u00e9es aux victimes et aux familles\u00a0\u00bb a tweet\u00e9 le maire Fran\u00e7ois Astorg en demandant au public \u00ab\u00a0d&rsquo;\u00e9viter le secteur du P\u00e2quier pour le bon d\u00e9roulement des op\u00e9rations\u00a0\u00bb.<\/p>\n\n\n\n<p><strong>12h16:&nbsp;<\/strong>Le ministre de l&rsquo;Int\u00e9rieur G\u00e9rald Darmanin devait quitter Bruxelles pour rejoindre sur place la Premi\u00e8re ministre, a-t-on appris aupr\u00e8s de son entourage.<\/p>\n","protected":false},"excerpt":{"rendered":"<p>Un nouveau bilan de la pr\u00e9fecture fait \u00e9tat de 4 enfants et 2 adultes entre la vie et la mort, annonce la pr\u00e9fecture Le point sur ce que l&rsquo;on sait ce midi Un homme muni d&rsquo;une arme blanche a sem\u00e9 la terreur jeudi matin dans un parc sur les bords du lac d&rsquo;Annecy, blessant cinq [&hellip;]<\/p>\n","protected":false},"author":2,"featured_media":25029,"comment_status":"open","ping_status":"open","sticky":false,"template":"","format":"standard","meta":{"_jetpack_memberships_contains_paid_content":false,"footnotes":"","jetpack_publicize_message":"","jetpack_publicize_feature_enabled":true,"jetpack_social_post_already_shared":true,"jetpack_social_options":{"image_generator_settings":{"template":"highway","default_image_id":0,"font":"","enabled":false},"version":2},"_wpas_customize_per_network":false},"categories":[405],"tags":[],"class_list":["post-25028","post","type-post","status-publish","format-standard","has-post-thumbnail","hentry","category-actu-france-monde"],"jetpack_publicize_connections":[],"jetpack_featured_media_url":"https:\/\/i0.wp.com\/www.iceagetv.com\/radiosite\/wp-content\/uploads\/2023\/06\/SdQSwK2G.jpg?fit=679%2C293&ssl=1","jetpack_sharing_enabled":true,"_links":{"self":[{"href":"https:\/\/www.iceagetv.com\/radiosite\/wp-json\/wp\/v2\/posts\/25028","targetHints":{"allow":["GET"]}}],"collection":[{"href":"https:\/\/www.iceagetv.com\/radiosite\/wp-json\/wp\/v2\/posts"}],"about":[{"href":"https:\/\/www.iceagetv.com\/radiosite\/wp-json\/wp\/v2\/types\/post"}],"author":[{"embeddable":true,"href":"https:\/\/www.iceagetv.com\/radiosite\/wp-json\/wp\/v2\/users\/2"}],"replies":[{"embeddable":true,"href":"https:\/\/www.iceagetv.com\/radiosite\/wp-json\/wp\/v2\/comments?post=25028"}],"version-history":[{"count":1,"href":"https:\/\/www.iceagetv.com\/radiosite\/wp-json\/wp\/v2\/posts\/25028\/revisions"}],"predecessor-version":[{"id":25030,"href":"https:\/\/www.iceagetv.com\/radiosite\/wp-json\/wp\/v2\/posts\/25028\/revisions\/25030"}],"wp:featuredmedia":[{"embeddable":true,"href":"https:\/\/www.iceagetv.com\/radiosite\/wp-json\/wp\/v2\/media\/25029"}],"wp:attachment":[{"href":"https:\/\/www.iceagetv.com\/radiosite\/wp-json\/wp\/v2\/media?parent=25028"}],"wp:term":[{"taxonomy":"category","embeddable":true,"href":"https:\/\/www.iceagetv.com\/radiosite\/wp-json\/wp\/v2\/categories?post=25028"},{"taxonomy":"post_tag","embeddable":true,"href":"https:\/\/www.iceagetv.com\/radiosite\/wp-json\/wp\/v2\/tags?post=25028"}],"curies":[{"name":"wp","href":"https:\/\/api.w.org\/{rel}","templated":true}]}}