{"id":25032,"date":"2023-06-08T18:57:13","date_gmt":"2023-06-08T18:57:13","guid":{"rendered":"https:\/\/www.iceagetv.com\/radiosite\/?p=25032"},"modified":"2023-06-08T18:57:13","modified_gmt":"2023-06-08T18:57:13","slug":"enlevement-a-dunkerque-la-petite-malek-la-fillette-de-8-ans-qui-avait-ete-enlevee-mardi-soir-a-ete-retrouvee-saine-et-sauve-avec-son-pere-en-italie","status":"publish","type":"post","link":"https:\/\/www.iceagetv.com\/radiosite\/enlevement-a-dunkerque-la-petite-malek-la-fillette-de-8-ans-qui-avait-ete-enlevee-mardi-soir-a-ete-retrouvee-saine-et-sauve-avec-son-pere-en-italie\/","title":{"rendered":"Enl\u00e8vement \u00e0 Dunkerque : La petite Malek, la fillette de 8 ans qui avait \u00e9t\u00e9 enlev\u00e9e mardi soir, a \u00e9t\u00e9 retrouv\u00e9e saine et sauve avec son p\u00e8re en Italie"},"content":{"rendered":"\n<p><strong>La petite Malek, 8 ans, dont la disparition dans la nuit de mardi \u00e0 mercredi \u00e0 Dunkerque avait entra\u00een\u00e9 le d\u00e9clenchement du dispositif alerte enl\u00e8vement, a \u00e9t\u00e9 retrouv\u00e9e avec son p\u00e8re en Italie, a indiqu\u00e9 une source proche du dossier. Ce dernier a \u00e9t\u00e9 interpell\u00e9.<\/strong><\/p>\n\n\n\n<p>Une alerte enl\u00e8vement avait \u00e9t\u00e9 d\u00e9clench\u00e9e mercredi soir apr\u00e8s la disparition de la fillette. La police indiquait que la petite Malek \u00e9tait susceptible de se trouver avec son p\u00e8re, Jamel Y. Le dispositif avait finalement \u00e9t\u00e9 lev\u00e9 ce jeudi \u00e0 la mi-journ\u00e9e mais une enqu\u00eate en flagrance pour homicide volontaire par conjoint et enl\u00e8vement de mineur avait \u00e9t\u00e9 ouverte par le parquet de Dunkerque apr\u00e8s la d\u00e9couverte du corps sans vie de la compagne de Jamel Y., Sonia M.<strong>\u00a0Une enqu\u00eate a \u00e9t\u00e9 ouverte pour homicide volontaire par conjoint et enl\u00e8vement de mineur de moins de 15 ans apr\u00e8s la disparition de la petite Malek, 8 ans, et la d\u00e9couverte du corps de la compagne de son p\u00e8re, a annonc\u00e9 le parquet de Dunkerque.<\/strong>\u00a0\u00ab\u00a0Les premiers \u00e9l\u00e9ments de l&rsquo;enqu\u00eate convergent vers Monsieur Jamel Y.\u00a0\u00bb, p\u00e8re de la fillette et compagnon de la femme d\u00e9c\u00e9d\u00e9e, indique le procureur S\u00e9bastien Pi\u00e8ve dans un communiqu\u00e9.<\/p>\n","protected":false},"excerpt":{"rendered":"<p>La petite Malek, 8 ans, dont la disparition dans la nuit de mardi \u00e0 mercredi \u00e0 Dunkerque avait entra\u00een\u00e9 le d\u00e9clenchement du dispositif alerte enl\u00e8vement, a \u00e9t\u00e9 retrouv\u00e9e avec son p\u00e8re en Italie, a indiqu\u00e9 une source proche du dossier. Ce dernier a \u00e9t\u00e9 interpell\u00e9. Une alerte enl\u00e8vement avait \u00e9t\u00e9 d\u00e9clench\u00e9e mercredi soir apr\u00e8s la [&hellip;]<\/p>\n","protected":false},"author":2,"featured_media":25023,"comment_status":"open","ping_status":"open","sticky":false,"template":"","format":"standard","meta":{"_jetpack_memberships_contains_paid_content":false,"footnotes":"","jetpack_publicize_message":"","jetpack_publicize_feature_enabled":true,"jetpack_social_post_already_shared":true,"jetpack_social_options":{"image_generator_settings":{"template":"highway","default_image_id":0,"font":"","enabled":false},"version":2},"_wpas_customize_per_network":false},"categories":[405],"tags":[],"class_list":["post-25032","post","type-post","status-publish","format-standard","has-post-thumbnail","hentry","category-actu-france-monde"],"jetpack_publicize_connections":[],"jetpack_featured_media_url":"https:\/\/i0.wp.com\/www.iceagetv.com\/radiosite\/wp-content\/uploads\/2023\/06\/Nord-1.jpg?fit=679%2C293&ssl=1","jetpack_sharing_enabled":true,"_links":{"self":[{"href":"https:\/\/www.iceagetv.com\/radiosite\/wp-json\/wp\/v2\/posts\/25032","targetHints":{"allow":["GET"]}}],"collection":[{"href":"https:\/\/www.iceagetv.com\/radiosite\/wp-json\/wp\/v2\/posts"}],"about":[{"href":"https:\/\/www.iceagetv.com\/radiosite\/wp-json\/wp\/v2\/types\/post"}],"author":[{"embeddable":true,"href":"https:\/\/www.iceagetv.com\/radiosite\/wp-json\/wp\/v2\/users\/2"}],"replies":[{"embeddable":true,"href":"https:\/\/www.iceagetv.com\/radiosite\/wp-json\/wp\/v2\/comments?post=25032"}],"version-history":[{"count":1,"href":"https:\/\/www.iceagetv.com\/radiosite\/wp-json\/wp\/v2\/posts\/25032\/revisions"}],"predecessor-version":[{"id":25033,"href":"https:\/\/www.iceagetv.com\/radiosite\/wp-json\/wp\/v2\/posts\/25032\/revisions\/25033"}],"wp:featuredmedia":[{"embeddable":true,"href":"https:\/\/www.iceagetv.com\/radiosite\/wp-json\/wp\/v2\/media\/25023"}],"wp:attachment":[{"href":"https:\/\/www.iceagetv.com\/radiosite\/wp-json\/wp\/v2\/media?parent=25032"}],"wp:term":[{"taxonomy":"category","embeddable":true,"href":"https:\/\/www.iceagetv.com\/radiosite\/wp-json\/wp\/v2\/categories?post=25032"},{"taxonomy":"post_tag","embeddable":true,"href":"https:\/\/www.iceagetv.com\/radiosite\/wp-json\/wp\/v2\/tags?post=25032"}],"curies":[{"name":"wp","href":"https:\/\/api.w.org\/{rel}","templated":true}]}}