{"id":25052,"date":"2023-06-11T06:44:35","date_gmt":"2023-06-11T06:44:35","guid":{"rendered":"https:\/\/www.iceagetv.com\/radiosite\/?p=25052"},"modified":"2023-06-11T06:44:35","modified_gmt":"2023-06-11T06:44:35","slug":"suede-un-adolescent-de-15-ans-a-ete-tue-et-trois-personnes-blessees-par-des-tirs-en-plein-jour-a-stockholm-dans-des-circonstances-qui-restent-a-eclaircir","status":"publish","type":"post","link":"https:\/\/www.iceagetv.com\/radiosite\/suede-un-adolescent-de-15-ans-a-ete-tue-et-trois-personnes-blessees-par-des-tirs-en-plein-jour-a-stockholm-dans-des-circonstances-qui-restent-a-eclaircir\/","title":{"rendered":"Su\u00e8de : Un adolescent de 15 ans a \u00e9t\u00e9 tu\u00e9 et trois personnes bless\u00e9es par des tirs en plein jour \u00e0 Stockholm \u00ab\u00a0dans des circonstances qui restent \u00e0 \u00e9claircir"},"content":{"rendered":"\n<p>Un adolescent de 15 ans a \u00e9t\u00e9 tu\u00e9 et trois personnes bless\u00e9es par des tirs en plein jour \u00e0 Stockholm, a annonc\u00e9 la police. Une heure apr\u00e8s les faits, deux hommes ont \u00e9t\u00e9 arr\u00eat\u00e9s apr\u00e8s une course-poursuite dans le sud de la capitale su\u00e9doise. Inform\u00e9e d\u2019une fusillade pr\u00e8s d\u2019un square dans le sud de la ville juste apr\u00e8s 18 heures, la police a d\u00e9couvert sur place deux personnes avec des blessures par balle. Deux autres l\u2019ont \u00e9t\u00e9 \u00e0 proximit\u00e9, dont une a succomb\u00e9 \u00e0 ses blessures. Les trois bless\u00e9s ont \u00e9t\u00e9 hospitalis\u00e9s.<\/p>\n\n\n\n<p>\u00ab La personne qui est morte sur place est un gar\u00e7on \u00e2g\u00e9 de 15 ans \u00bb, a d\u00e9clar\u00e9 le porte-parole de la police de Stockholm, Towe Hagg, pr\u00e9cisant que les circonstances de cette fusillade n\u2019avaient pas encore \u00e9t\u00e9 \u00e9tablies.<\/p>\n\n\n\n<p>Les trois autres personnes bless\u00e9es sont un adolescent de 15 ans, et un homme et une femme \u00e2g\u00e9s respectivement de 45 et 65 ans, a ajout\u00e9 la police.<\/p>\n\n\n\n<p>Vendredi d\u00e9j\u00e0, trois personnes ont \u00e9t\u00e9 bless\u00e9es par balle lors d\u2019incidents s\u00e9par\u00e9s dans la r\u00e9gion de Stockholm.<\/p>\n\n\n\n<p>Ces derni\u00e8res ann\u00e9es, la Su\u00e8de a eu du mal \u00e0 endiguer une vague de fusillades et d\u2019attentats \u00e0 la bombe, imput\u00e9s \u00e0 des gangs r\u00e9glant leurs comptes sur fond de trafic de stup\u00e9fiants.<\/p>\n\n\n\n<p>Le pays a \u00e9t\u00e9 le th\u00e9\u00e2tre de 391 fusillades en 2022, dont 62 mortelles, contre 45 l\u2019ann\u00e9e pr\u00e9c\u00e9dente, selon les donn\u00e9es de la police.<\/p>\n","protected":false},"excerpt":{"rendered":"<p>Un adolescent de 15 ans a \u00e9t\u00e9 tu\u00e9 et trois personnes bless\u00e9es par des tirs en plein jour \u00e0 Stockholm, a annonc\u00e9 la police. Une heure apr\u00e8s les faits, deux hommes ont \u00e9t\u00e9 arr\u00eat\u00e9s apr\u00e8s une course-poursuite dans le sud de la capitale su\u00e9doise. Inform\u00e9e d\u2019une fusillade pr\u00e8s d\u2019un square dans le sud de la [&hellip;]<\/p>\n","protected":false},"author":2,"featured_media":25053,"comment_status":"open","ping_status":"open","sticky":false,"template":"","format":"standard","meta":{"_jetpack_memberships_contains_paid_content":false,"footnotes":"","jetpack_publicize_message":"","jetpack_publicize_feature_enabled":true,"jetpack_social_post_already_shared":true,"jetpack_social_options":{"image_generator_settings":{"template":"highway","default_image_id":0,"font":"","enabled":false},"version":2},"_wpas_customize_per_network":false},"categories":[405],"tags":[],"class_list":["post-25052","post","type-post","status-publish","format-standard","has-post-thumbnail","hentry","category-actu-france-monde"],"jetpack_publicize_connections":[],"jetpack_featured_media_url":"https:\/\/i0.wp.com\/www.iceagetv.com\/radiosite\/wp-content\/uploads\/2023\/06\/Un-adolescent-de-15-ans-a-ete-tue-et-trois-personnes-blessees-par-des-tirs-en-plein-jour.jpg?fit=679%2C293&ssl=1","jetpack_sharing_enabled":true,"_links":{"self":[{"href":"https:\/\/www.iceagetv.com\/radiosite\/wp-json\/wp\/v2\/posts\/25052","targetHints":{"allow":["GET"]}}],"collection":[{"href":"https:\/\/www.iceagetv.com\/radiosite\/wp-json\/wp\/v2\/posts"}],"about":[{"href":"https:\/\/www.iceagetv.com\/radiosite\/wp-json\/wp\/v2\/types\/post"}],"author":[{"embeddable":true,"href":"https:\/\/www.iceagetv.com\/radiosite\/wp-json\/wp\/v2\/users\/2"}],"replies":[{"embeddable":true,"href":"https:\/\/www.iceagetv.com\/radiosite\/wp-json\/wp\/v2\/comments?post=25052"}],"version-history":[{"count":1,"href":"https:\/\/www.iceagetv.com\/radiosite\/wp-json\/wp\/v2\/posts\/25052\/revisions"}],"predecessor-version":[{"id":25054,"href":"https:\/\/www.iceagetv.com\/radiosite\/wp-json\/wp\/v2\/posts\/25052\/revisions\/25054"}],"wp:featuredmedia":[{"embeddable":true,"href":"https:\/\/www.iceagetv.com\/radiosite\/wp-json\/wp\/v2\/media\/25053"}],"wp:attachment":[{"href":"https:\/\/www.iceagetv.com\/radiosite\/wp-json\/wp\/v2\/media?parent=25052"}],"wp:term":[{"taxonomy":"category","embeddable":true,"href":"https:\/\/www.iceagetv.com\/radiosite\/wp-json\/wp\/v2\/categories?post=25052"},{"taxonomy":"post_tag","embeddable":true,"href":"https:\/\/www.iceagetv.com\/radiosite\/wp-json\/wp\/v2\/tags?post=25052"}],"curies":[{"name":"wp","href":"https:\/\/api.w.org\/{rel}","templated":true}]}}