{"id":25058,"date":"2023-06-11T15:27:02","date_gmt":"2023-06-11T15:27:02","guid":{"rendered":"https:\/\/www.iceagetv.com\/radiosite\/?p=25058"},"modified":"2023-06-11T15:27:02","modified_gmt":"2023-06-11T15:27:02","slug":"le-conflit-de-voisinage-vire-au-drame-une-fillette-de-12-ans-tuee-dans-un-jardin-ses-parents-blesses-par-balles","status":"publish","type":"post","link":"https:\/\/www.iceagetv.com\/radiosite\/le-conflit-de-voisinage-vire-au-drame-une-fillette-de-12-ans-tuee-dans-un-jardin-ses-parents-blesses-par-balles\/","title":{"rendered":"Le conflit de voisinage vire au drame : une fillette de 12 ans tu\u00e9e dans un jardin, ses parents bless\u00e9s par balles"},"content":{"rendered":"\n<p>Ce samedi 10 juin, une fillette de 12 ans a \u00e9t\u00e9 tu\u00e9e par balle dans le jardin d&rsquo;une propri\u00e9t\u00e9 priv\u00e9e \u00e0 Plon\u00e9vez-du-Faou, dans le Finist\u00e8re. Sa famille venait d&rsquo;avoir une altercation avec un voisin.&nbsp;<\/p>\n\n\n\n<p>Terrible drame sur fond de conflit de voisinage dans un petit hameau finist\u00e9rien. Une fillette de 12 ans a \u00e9t\u00e9 tu\u00e9e ce samedi 10 juin, vers 21 heures, indique<\/p>\n\n\n\n<p>Au moment des coups de feu, elle \u00e9tait en compagnie de ses parents et de sa s\u0153ur cadette, \u00e2g\u00e9e de 8 ans.&nbsp;<\/p>\n\n\n\n<h2 class=\"wp-block-heading\">Un septuag\u00e9naire interpell\u00e9<\/h2>\n\n\n\n<p>Selon nos confr\u00e8res, cette famille d&rsquo;origine britannique \u00e9tait install\u00e9e \u00e0&nbsp;Plon\u00e9vez-du-Faou depuis quelques ann\u00e9es. Elle aurait eu une altercation avec un septuag\u00e9naire d&rsquo;origine belge.<\/p>\n\n\n\n<p>Ce dernier a tir\u00e9 \u00e0 plusieurs reprises, blessant \u00e9galement gri\u00e8vement les deux parents. Le pronostic vital du p\u00e8re est d&rsquo;ailleurs engag\u00e9, pr\u00e9cise procureur de la R\u00e9publique de Quimper, cit\u00e9 par\u00a0<a rel=\"noreferrer noopener\" href=\"https:\/\/www.bfmtv.com\/police-justice\/finistere-un-homme-ouvre-le-feu-sur-ses-voisins-une-fillette-tuee_AN-202306110282.html\" target=\"_blank\"><em>BFMTV<\/em><\/a>. La fillette de 8 ans parvenait\u00a0\u00e0 se r\u00e9fugier chez une voisine. Elle a pu \u00eatre interrog\u00e9e par les gendarmes.\u00a0Selon un voisin cit\u00e9 par\u00a0<a rel=\"noreferrer noopener\" href=\"https:\/\/france3-regions.francetvinfo.fr\/bretagne\/finistere\/une-fillette-de-12-ans-tuee-lors-d-une-bagarre-dans-le-finistere-son-pere-entre-la-vie-et-la-mort-2792714.html\" target=\"_blank\"><em>France 3,<\/em><\/a>\u00a0le tireur, un homme discret, s&rsquo;\u00e9tait plaint \u00e0 une reprise du bruit de la famille. Il a \u00e9t\u00e9 interpell\u00e9 par le peloton de surveillance et d&rsquo;intervention de la gendarmerie (PSIG).\u00a0<\/p>\n","protected":false},"excerpt":{"rendered":"<p>Ce samedi 10 juin, une fillette de 12 ans a \u00e9t\u00e9 tu\u00e9e par balle dans le jardin d&rsquo;une propri\u00e9t\u00e9 priv\u00e9e \u00e0 Plon\u00e9vez-du-Faou, dans le Finist\u00e8re. Sa famille venait d&rsquo;avoir une altercation avec un voisin.&nbsp; Terrible drame sur fond de conflit de voisinage dans un petit hameau finist\u00e9rien. Une fillette de 12 ans a \u00e9t\u00e9 tu\u00e9e [&hellip;]<\/p>\n","protected":false},"author":2,"featured_media":25059,"comment_status":"open","ping_status":"open","sticky":false,"template":"","format":"standard","meta":{"_jetpack_memberships_contains_paid_content":false,"footnotes":"","jetpack_publicize_message":"","jetpack_publicize_feature_enabled":true,"jetpack_social_post_already_shared":true,"jetpack_social_options":{"image_generator_settings":{"template":"highway","default_image_id":0,"font":"","enabled":false},"version":2},"_wpas_customize_per_network":false},"categories":[405],"tags":[],"class_list":["post-25058","post","type-post","status-publish","format-standard","has-post-thumbnail","hentry","category-actu-france-monde"],"jetpack_publicize_connections":[],"jetpack_featured_media_url":"https:\/\/i0.wp.com\/www.iceagetv.com\/radiosite\/wp-content\/uploads\/2023\/06\/Plonevez-du-Faou.jpg?fit=880%2C549&ssl=1","jetpack_sharing_enabled":true,"_links":{"self":[{"href":"https:\/\/www.iceagetv.com\/radiosite\/wp-json\/wp\/v2\/posts\/25058","targetHints":{"allow":["GET"]}}],"collection":[{"href":"https:\/\/www.iceagetv.com\/radiosite\/wp-json\/wp\/v2\/posts"}],"about":[{"href":"https:\/\/www.iceagetv.com\/radiosite\/wp-json\/wp\/v2\/types\/post"}],"author":[{"embeddable":true,"href":"https:\/\/www.iceagetv.com\/radiosite\/wp-json\/wp\/v2\/users\/2"}],"replies":[{"embeddable":true,"href":"https:\/\/www.iceagetv.com\/radiosite\/wp-json\/wp\/v2\/comments?post=25058"}],"version-history":[{"count":1,"href":"https:\/\/www.iceagetv.com\/radiosite\/wp-json\/wp\/v2\/posts\/25058\/revisions"}],"predecessor-version":[{"id":25060,"href":"https:\/\/www.iceagetv.com\/radiosite\/wp-json\/wp\/v2\/posts\/25058\/revisions\/25060"}],"wp:featuredmedia":[{"embeddable":true,"href":"https:\/\/www.iceagetv.com\/radiosite\/wp-json\/wp\/v2\/media\/25059"}],"wp:attachment":[{"href":"https:\/\/www.iceagetv.com\/radiosite\/wp-json\/wp\/v2\/media?parent=25058"}],"wp:term":[{"taxonomy":"category","embeddable":true,"href":"https:\/\/www.iceagetv.com\/radiosite\/wp-json\/wp\/v2\/categories?post=25058"},{"taxonomy":"post_tag","embeddable":true,"href":"https:\/\/www.iceagetv.com\/radiosite\/wp-json\/wp\/v2\/tags?post=25058"}],"curies":[{"name":"wp","href":"https:\/\/api.w.org\/{rel}","templated":true}]}}