{"id":25116,"date":"2023-06-23T10:49:32","date_gmt":"2023-06-23T10:49:32","guid":{"rendered":"https:\/\/www.iceagetv.com\/radiosite\/?p=25116"},"modified":"2023-06-23T10:49:32","modified_gmt":"2023-06-23T10:49:32","slug":"les-chaleurs-estivales-ont-fait-pres-de-35-000-morts-en-france-depuis-2014","status":"publish","type":"post","link":"https:\/\/www.iceagetv.com\/radiosite\/les-chaleurs-estivales-ont-fait-pres-de-35-000-morts-en-france-depuis-2014\/","title":{"rendered":"LES CHALEURS ESTIVALES ONT FAIT PR\u00c8S DE 35.000 MORTS EN FRANCE DEPUIS 2014"},"content":{"rendered":"\n<p>Depuis 2014, entre 30.000 et 35.000 personnes sont mortes l&rsquo;\u00e9t\u00e9 en France \u00e0 cause des effets de la&nbsp;<a href=\"https:\/\/www.bfmtv.com\/paris\/paris-enregistre-son-vingtieme-jour-de-chaleur-consecutif-un-record-a-cette-periode-de-l-annee_AN-202306230349.html\">chaleur<\/a>, a estim\u00e9 vendredi l&rsquo;agence de sant\u00e9 publique, soulignant que cette mortalit\u00e9 ne concernait pas seulement les p\u00e9riodes de canicule.<\/p>\n\n\n\n<p>\u00ab\u00a0Il est \u00e0 noter qu&rsquo;une part importante &#8211; soit un tiers &#8211; concerne des personnes de moins de 75 ans\u00a0\u00bb, souligne cette \u00e9tude publi\u00e9e par Sant\u00e9 publique France, l&rsquo;une des premi\u00e8res \u00e0 \u00e9valuer les liens entre chaleur et mortalit\u00e9 dans le pays lors des derni\u00e8res ann\u00e9es, dans un contexte marqu\u00e9 par les effets probables du r\u00e9chauffement climatique.<\/p>\n","protected":false},"excerpt":{"rendered":"<p>Depuis 2014, entre 30.000 et 35.000 personnes sont mortes l&rsquo;\u00e9t\u00e9 en France \u00e0 cause des effets de la&nbsp;chaleur, a estim\u00e9 vendredi l&rsquo;agence de sant\u00e9 publique, soulignant que cette mortalit\u00e9 ne concernait pas seulement les p\u00e9riodes de canicule. \u00ab\u00a0Il est \u00e0 noter qu&rsquo;une part importante &#8211; soit un tiers &#8211; concerne des personnes de moins de [&hellip;]<\/p>\n","protected":false},"author":2,"featured_media":25117,"comment_status":"open","ping_status":"open","sticky":false,"template":"","format":"standard","meta":{"_jetpack_memberships_contains_paid_content":false,"footnotes":"","jetpack_publicize_message":"","jetpack_publicize_feature_enabled":true,"jetpack_social_post_already_shared":true,"jetpack_social_options":{"image_generator_settings":{"template":"highway","default_image_id":0,"font":"","enabled":false},"version":2},"_wpas_customize_per_network":false},"categories":[405],"tags":[],"class_list":["post-25116","post","type-post","status-publish","format-standard","has-post-thumbnail","hentry","category-actu-france-monde"],"jetpack_publicize_connections":[],"jetpack_featured_media_url":"https:\/\/i0.wp.com\/www.iceagetv.com\/radiosite\/wp-content\/uploads\/2023\/06\/1096802.jpg?fit=672%2C378&ssl=1","jetpack_sharing_enabled":true,"_links":{"self":[{"href":"https:\/\/www.iceagetv.com\/radiosite\/wp-json\/wp\/v2\/posts\/25116","targetHints":{"allow":["GET"]}}],"collection":[{"href":"https:\/\/www.iceagetv.com\/radiosite\/wp-json\/wp\/v2\/posts"}],"about":[{"href":"https:\/\/www.iceagetv.com\/radiosite\/wp-json\/wp\/v2\/types\/post"}],"author":[{"embeddable":true,"href":"https:\/\/www.iceagetv.com\/radiosite\/wp-json\/wp\/v2\/users\/2"}],"replies":[{"embeddable":true,"href":"https:\/\/www.iceagetv.com\/radiosite\/wp-json\/wp\/v2\/comments?post=25116"}],"version-history":[{"count":1,"href":"https:\/\/www.iceagetv.com\/radiosite\/wp-json\/wp\/v2\/posts\/25116\/revisions"}],"predecessor-version":[{"id":25118,"href":"https:\/\/www.iceagetv.com\/radiosite\/wp-json\/wp\/v2\/posts\/25116\/revisions\/25118"}],"wp:featuredmedia":[{"embeddable":true,"href":"https:\/\/www.iceagetv.com\/radiosite\/wp-json\/wp\/v2\/media\/25117"}],"wp:attachment":[{"href":"https:\/\/www.iceagetv.com\/radiosite\/wp-json\/wp\/v2\/media?parent=25116"}],"wp:term":[{"taxonomy":"category","embeddable":true,"href":"https:\/\/www.iceagetv.com\/radiosite\/wp-json\/wp\/v2\/categories?post=25116"},{"taxonomy":"post_tag","embeddable":true,"href":"https:\/\/www.iceagetv.com\/radiosite\/wp-json\/wp\/v2\/tags?post=25116"}],"curies":[{"name":"wp","href":"https:\/\/api.w.org\/{rel}","templated":true}]}}