{"id":25120,"date":"2023-06-24T09:27:53","date_gmt":"2023-06-24T09:27:53","guid":{"rendered":"https:\/\/www.iceagetv.com\/radiosite\/?p=25120"},"modified":"2023-06-24T09:27:53","modified_gmt":"2023-06-24T09:27:53","slug":"tf1-va-bien-relancer-en-quotidienne-le-feuilleton-de-france-3-plus-belle-la-vie-mais-avec-de-gros-changements-dhoraires-et-de-duree-voici-toutes-les-infos","status":"publish","type":"post","link":"https:\/\/www.iceagetv.com\/radiosite\/tf1-va-bien-relancer-en-quotidienne-le-feuilleton-de-france-3-plus-belle-la-vie-mais-avec-de-gros-changements-dhoraires-et-de-duree-voici-toutes-les-infos\/","title":{"rendered":"TF1 va bien relancer en quotidienne le feuilleton de France 3 \u00ab\u00a0Plus belle la vie\u00a0\u00bb mais avec de gros changements d&rsquo;horaires et de dur\u00e9e &#8211; Voici toutes les infos"},"content":{"rendered":"\n<p>Selon les informations de nos confr\u00e8res de<a href=\"https:\/\/www.telestar.fr\/serie-tv\/exclu.-plus-belle-la-vie-retour-confirme-sur-tf1-deux-changements-majeurs-en-vue-829510\" target=\"_blank\" rel=\"noreferrer noopener\">&nbsp;T\u00e9l\u00e9 Star<\/a>, le retour de \u00ab\u00a0Plus belle la vie\u00a0\u00bb se confirme avec tout d&rsquo;abord un changement de cha\u00eene, puisque c&rsquo;est sur TF1 que le feuilleton de France 3 va revenir, mais aussi un changement d&rsquo;horaire car le programme ne reviendra pas le soir mais \u00e0 la mi-journ\u00e9e juste apr\u00e8s le journal de 13h, et plus pr\u00e9cis\u00e9ment vers 13h55 apr\u00e8s la m\u00e9t\u00e9o et la chronique culinaire de Laurent Mariotte.<\/p>\n\n\n\n<p>Enfin troisi\u00e8me modification de taille, la dur\u00e9e de chaque \u00e9pisode qui va passer de 26 \u00e0 15 minutes !<\/p>\n\n\n\n<p>En revanche, le programme sera toujours en quotidienne, du lundi au vendredi et la majorit\u00e9 des acteurs historiques seront de retour !<\/p>\n\n\n\n<p>Depuis l\u2019arr\u00eat du feuilleton quotidien en novembre dernier apr\u00e8s plus de 18 ans \u00e0 l\u2019antenne, les fans continuaient d\u2019esp\u00e9rer que la s\u00e9rie renaisse de ses cendres.&nbsp;<\/p>\n\n\n\n<p>Si Laurent K\u00e9rusor\u00e9 (Thomas Marci), St\u00e9phane H\u00e9non (Jean-Paul Boher) et L\u00e9a Fran\u00e7ois (Barbara \u00c9venot) auraient d&rsquo;ores et d\u00e9j\u00e0 accept\u00e9 de reprendre leurs r\u00f4les dans les premiers \u00e9pisodes, d&rsquo;autres n&rsquo;auraient aucune intention de revenir au Mistral, \u00e9crivent nos confr\u00e8res de T\u00e9l\u00e9 Star . C&rsquo;est notamment le cas de Rebecca Hampton, qui a refus\u00e9 de renfiler le costume de C\u00e9line Fr\u00e9mont pour TF1. De son c\u00f4t\u00e9, Newen, la soci\u00e9t\u00e9 de production charg\u00e9e de relancer le feuilleton, pr\u00e9voit d&rsquo;introduire un certain nombre de nouveaux personnages, ce qui pourrait rajeunir le casting mais \u00e9galement ouvrir de nouvelles portes aux sc\u00e9naristes, afin de partir sur de nouvelles intrigues.<\/p>\n\n\n\n<p>TF1, qui diffuse d\u00e9j\u00e0 les feuilletons quotidiens \u00ab\u00a0Demain nous appartient\u00a0\u00bb et \u00ab\u00a0Ici tout commence\u00a0\u00bb, semble donc d\u00e9cid\u00e9e \u00e0 jouer la carte de la s\u00e9rie plus que jamais pour son \u00ab\u00a0fond de grilles\u00a0\u00bb, autrement dit les programmes de journ\u00e9e.<\/p>\n\n\n\n<p>Quand \u00e0 la date pr\u00e9cise de ce retour, elle n&rsquo;est pas d\u00e9voil\u00e9e pour l&rsquo;instant, mais tout semble montrer que c&rsquo;est vers l&rsquo;automne prochain que sera lanc\u00e9 cette version 2.0 de Plus belle la vie !<\/p>\n","protected":false},"excerpt":{"rendered":"<p>Selon les informations de nos confr\u00e8res de&nbsp;T\u00e9l\u00e9 Star, le retour de \u00ab\u00a0Plus belle la vie\u00a0\u00bb se confirme avec tout d&rsquo;abord un changement de cha\u00eene, puisque c&rsquo;est sur TF1 que le feuilleton de France 3 va revenir, mais aussi un changement d&rsquo;horaire car le programme ne reviendra pas le soir mais \u00e0 la mi-journ\u00e9e juste apr\u00e8s [&hellip;]<\/p>\n","protected":false},"author":2,"featured_media":25121,"comment_status":"open","ping_status":"open","sticky":false,"template":"","format":"standard","meta":{"_jetpack_memberships_contains_paid_content":false,"footnotes":"","jetpack_publicize_message":"","jetpack_publicize_feature_enabled":true,"jetpack_social_post_already_shared":true,"jetpack_social_options":{"image_generator_settings":{"template":"highway","default_image_id":0,"font":"","enabled":false},"version":2},"_wpas_customize_per_network":false},"categories":[68],"tags":[],"class_list":["post-25120","post","type-post","status-publish","format-standard","has-post-thumbnail","hentry","category-actu-culturelle"],"jetpack_publicize_connections":[],"jetpack_featured_media_url":"https:\/\/i0.wp.com\/www.iceagetv.com\/radiosite\/wp-content\/uploads\/2023\/06\/Selon-les-informations-de-nos-confreres-de-Tele-Star.jpg?fit=679%2C293&ssl=1","jetpack_sharing_enabled":true,"_links":{"self":[{"href":"https:\/\/www.iceagetv.com\/radiosite\/wp-json\/wp\/v2\/posts\/25120","targetHints":{"allow":["GET"]}}],"collection":[{"href":"https:\/\/www.iceagetv.com\/radiosite\/wp-json\/wp\/v2\/posts"}],"about":[{"href":"https:\/\/www.iceagetv.com\/radiosite\/wp-json\/wp\/v2\/types\/post"}],"author":[{"embeddable":true,"href":"https:\/\/www.iceagetv.com\/radiosite\/wp-json\/wp\/v2\/users\/2"}],"replies":[{"embeddable":true,"href":"https:\/\/www.iceagetv.com\/radiosite\/wp-json\/wp\/v2\/comments?post=25120"}],"version-history":[{"count":1,"href":"https:\/\/www.iceagetv.com\/radiosite\/wp-json\/wp\/v2\/posts\/25120\/revisions"}],"predecessor-version":[{"id":25122,"href":"https:\/\/www.iceagetv.com\/radiosite\/wp-json\/wp\/v2\/posts\/25120\/revisions\/25122"}],"wp:featuredmedia":[{"embeddable":true,"href":"https:\/\/www.iceagetv.com\/radiosite\/wp-json\/wp\/v2\/media\/25121"}],"wp:attachment":[{"href":"https:\/\/www.iceagetv.com\/radiosite\/wp-json\/wp\/v2\/media?parent=25120"}],"wp:term":[{"taxonomy":"category","embeddable":true,"href":"https:\/\/www.iceagetv.com\/radiosite\/wp-json\/wp\/v2\/categories?post=25120"},{"taxonomy":"post_tag","embeddable":true,"href":"https:\/\/www.iceagetv.com\/radiosite\/wp-json\/wp\/v2\/tags?post=25120"}],"curies":[{"name":"wp","href":"https:\/\/api.w.org\/{rel}","templated":true}]}}