{"id":25145,"date":"2023-06-26T19:03:28","date_gmt":"2023-06-26T19:03:28","guid":{"rendered":"https:\/\/www.iceagetv.com\/radiosite\/?p=25145"},"modified":"2023-06-26T19:03:28","modified_gmt":"2023-06-26T19:03:28","slug":"pierre-palmade-nest-plus-hospitalise-depuis-debut-juin-son-controle-judiciaire-allege","status":"publish","type":"post","link":"https:\/\/www.iceagetv.com\/radiosite\/pierre-palmade-nest-plus-hospitalise-depuis-debut-juin-son-controle-judiciaire-allege\/","title":{"rendered":"PIERRE PALMADE N&rsquo;EST PLUS HOSPITALIS\u00c9 DEPUIS D\u00c9BUT JUIN, SON CONTR\u00d4LE JUDICIAIRE ALL\u00c9G\u00c9"},"content":{"rendered":"\n<p>L&rsquo;acteur \u00e9tait hospitalis\u00e9, alors qu&rsquo;il est toujours mis en examen dans l&rsquo;accident qu&rsquo;il a caus\u00e9 sous l&#8217;emprise de drogues le 10 f\u00e9vrier et qui a fait plusieurs bless\u00e9s graves.<\/p>\n\n\n\n<p>Le contr\u00f4le judiciaire du com\u00e9dien Pierre Palmade,&nbsp;<a href=\"https:\/\/www.bfmtv.com\/police-justice\/accident-de-pierre-palmade-l-humoriste-place-en-garde-a-vue_AN-202302150451.html\">mis en cause dans un accident de voiture survenu en f\u00e9vrier dernier<\/a>, a \u00e9t\u00e9 all\u00e9g\u00e9, il n&rsquo;est donc plus hospitalis\u00e9 au CHU de Bordeaux depuis le d\u00e9but du mois de juin, a appris ce lundi BFMTV.<\/p>\n\n\n\n<p>Les m\u00e9decins ont estim\u00e9 qu&rsquo;il n&rsquo;avait plus besoin d&rsquo;\u00eatre hospitalis\u00e9 en semaine. Il est donc libre de ses mouvements \u00e0 condition de ne pas quitter la r\u00e9gion de la Nouvelle-Aquitaine.\u00a0<\/p>\n\n\n\n<p>L&rsquo;acteur est toujours&nbsp;<a href=\"https:\/\/www.bfmtv.com\/police-justice\/accident-de-pierre-palmade-le-comedien-mis-en-examen-et-place-sous-controle-judiciaire-avec-un-bracelet-electronique_AN-202302170633.html\">mis en examen<\/a>&nbsp;dans l&rsquo;accident qu&rsquo;il a caus\u00e9 sous l&#8217;emprise de drogues le 10 f\u00e9vrier et qui a fait plusieurs bless\u00e9s graves.<\/p>\n\n\n\n<h2 class=\"wp-block-heading\">Interdiction de reprendre le volant<\/h2>\n\n\n\n<p>En outre, son contr\u00f4le judiciaire lui interdit de prendre le volant, d&rsquo;entrer en contact avec les victimes de l&rsquo;accident, et lui impose de soigner son addiction aux stup\u00e9fiants, mais sans hospitalisation forc\u00e9e donc. Les investigations se poursuivent.<\/p>\n\n\n\n<p>L&rsquo;une des trois victimes,\u00a0<a href=\"https:\/\/www.bfmtv.com\/police-justice\/affaire-palmade-l-un-des-trois-blesses-graves-du-second-vehicule-est-toujours-hospitalise_AV-202303140296.html\">le p\u00e8re de famille qui \u00e9tait au volant du v\u00e9hicule percut\u00e9 par Pierre Palmade<\/a>, est toujours hospitalis\u00e9e \u00e0 l&rsquo;heure actuelle, selon leur avocat.Fin mai, de nouveaux \u00e9l\u00e9ments de l&rsquo;enqu\u00eate\u00a0<a href=\"https:\/\/www.bfmtv.com\/police-justice\/pierre-palmade-la-vitesse-de-la-voiture-mise-hors-de-cause-dans-l-accident-provoque-par-l-humoriste_AN-202305250619.html\">ont mis hors de cause la vitesse<\/a>\u00a0de la voiture conduite par Pierre Palmade dans l&rsquo;accident. La piste de l&rsquo;envoi d&rsquo;un texto par l&rsquo;humoriste au volant a \u00e9galement \u00e9t\u00e9 mise de c\u00f4t\u00e9.<\/p>\n","protected":false},"excerpt":{"rendered":"<p>L&rsquo;acteur \u00e9tait hospitalis\u00e9, alors qu&rsquo;il est toujours mis en examen dans l&rsquo;accident qu&rsquo;il a caus\u00e9 sous l&#8217;emprise de drogues le 10 f\u00e9vrier et qui a fait plusieurs bless\u00e9s graves. Le contr\u00f4le judiciaire du com\u00e9dien Pierre Palmade,&nbsp;mis en cause dans un accident de voiture survenu en f\u00e9vrier dernier, a \u00e9t\u00e9 all\u00e9g\u00e9, il n&rsquo;est donc plus hospitalis\u00e9 [&hellip;]<\/p>\n","protected":false},"author":2,"featured_media":25146,"comment_status":"open","ping_status":"open","sticky":false,"template":"","format":"standard","meta":{"_jetpack_memberships_contains_paid_content":false,"footnotes":"","jetpack_publicize_message":"","jetpack_publicize_feature_enabled":true,"jetpack_social_post_already_shared":true,"jetpack_social_options":{"image_generator_settings":{"template":"highway","default_image_id":0,"font":"","enabled":false},"version":2},"_wpas_customize_per_network":false},"categories":[405],"tags":[],"class_list":["post-25145","post","type-post","status-publish","format-standard","has-post-thumbnail","hentry","category-actu-france-monde"],"jetpack_publicize_connections":[],"jetpack_featured_media_url":"https:\/\/i0.wp.com\/www.iceagetv.com\/radiosite\/wp-content\/uploads\/2023\/06\/PIERRE-PALMADE-NEST-PLUS-HOSPITALISE.jpg?fit=680%2C383&ssl=1","jetpack_sharing_enabled":true,"_links":{"self":[{"href":"https:\/\/www.iceagetv.com\/radiosite\/wp-json\/wp\/v2\/posts\/25145","targetHints":{"allow":["GET"]}}],"collection":[{"href":"https:\/\/www.iceagetv.com\/radiosite\/wp-json\/wp\/v2\/posts"}],"about":[{"href":"https:\/\/www.iceagetv.com\/radiosite\/wp-json\/wp\/v2\/types\/post"}],"author":[{"embeddable":true,"href":"https:\/\/www.iceagetv.com\/radiosite\/wp-json\/wp\/v2\/users\/2"}],"replies":[{"embeddable":true,"href":"https:\/\/www.iceagetv.com\/radiosite\/wp-json\/wp\/v2\/comments?post=25145"}],"version-history":[{"count":1,"href":"https:\/\/www.iceagetv.com\/radiosite\/wp-json\/wp\/v2\/posts\/25145\/revisions"}],"predecessor-version":[{"id":25147,"href":"https:\/\/www.iceagetv.com\/radiosite\/wp-json\/wp\/v2\/posts\/25145\/revisions\/25147"}],"wp:featuredmedia":[{"embeddable":true,"href":"https:\/\/www.iceagetv.com\/radiosite\/wp-json\/wp\/v2\/media\/25146"}],"wp:attachment":[{"href":"https:\/\/www.iceagetv.com\/radiosite\/wp-json\/wp\/v2\/media?parent=25145"}],"wp:term":[{"taxonomy":"category","embeddable":true,"href":"https:\/\/www.iceagetv.com\/radiosite\/wp-json\/wp\/v2\/categories?post=25145"},{"taxonomy":"post_tag","embeddable":true,"href":"https:\/\/www.iceagetv.com\/radiosite\/wp-json\/wp\/v2\/tags?post=25145"}],"curies":[{"name":"wp","href":"https:\/\/api.w.org\/{rel}","templated":true}]}}