{"id":25149,"date":"2023-06-27T06:42:36","date_gmt":"2023-06-27T06:42:36","guid":{"rendered":"https:\/\/www.iceagetv.com\/radiosite\/?p=25149"},"modified":"2023-06-27T06:42:36","modified_gmt":"2023-06-27T06:42:36","slug":"lespagne-fait-face-a-sa-premiere-vague-de-chaleur-de-lete-avec-des-temperatures-qui-pourraient-depasser-localement-les-44-degres-dans-le-sud-du-pays","status":"publish","type":"post","link":"https:\/\/www.iceagetv.com\/radiosite\/lespagne-fait-face-a-sa-premiere-vague-de-chaleur-de-lete-avec-des-temperatures-qui-pourraient-depasser-localement-les-44-degres-dans-le-sud-du-pays\/","title":{"rendered":"L&rsquo;Espagne fait face \u00e0 sa premi\u00e8re vague de chaleur de l&rsquo;\u00e9t\u00e9 avec des temp\u00e9ratures qui pourraient d\u00e9passer localement les 44 degr\u00e9s dans le sud du pays"},"content":{"rendered":"\n<p>L&rsquo;Espagne fait face \u00e0 sa premi\u00e8re vague de chaleur de l&rsquo;\u00e9t\u00e9 avec des temp\u00e9ratures qui pourraient d\u00e9passer localement les 44 degr\u00e9s dans le sud du pays, selon l&rsquo;agence m\u00e9t\u00e9orologique (Aemet). Cette \u00abpremi\u00e8re vague de chaleur de l&rsquo;\u00e9t\u00e9\u00bb, qui a d\u00e9but\u00e9 dimanche, devrait faire grimper le thermom\u00e8tre jusqu&rsquo;\u00e0 39-40 degr\u00e9s dans les r\u00e9gions de Madrid, d&rsquo;Estr\u00e9madure (Sud-Ouest) et dans l&rsquo;ouest de l&rsquo;Andalousie (sud), voire jusqu&rsquo;\u00e0 plus de 44 degr\u00e9s dans les provinces andalouses de S\u00e9ville et Cordoue, a mis en garde Ruben del Campo, porte-parole de l&rsquo;Aemet.<\/p>\n\n\n\n<p>Dimanche, le mercure a atteint 43,8 degr\u00e9s dans la municipalit\u00e9 d&rsquo;El Granado dans la province de Huelva (sud-ouest), selon l&rsquo;Aemet.<\/p>\n\n\n\n<p>Pays en premi\u00e8re ligne du r\u00e9chauffement climatique en Europe, l&rsquo;Espagne est habitu\u00e9e aux temp\u00e9ratures extr\u00eames, en particulier dans le Sud, mais elle fait face depuis quelques ann\u00e9es \u00e0 une multiplication et \u00e0 une intensification des vagues de chaleurs, selon les scientifiques.<\/p>\n\n\n\n<p>\u00abDepuis dix ans, la fr\u00e9quence de ces \u00e9pisodes de chaleur a tripl\u00e9 par rapport aux ann\u00e9es ant\u00e9rieures. Cela va de pair avec l&rsquo;allongement de la dur\u00e9e de l&rsquo;\u00e9t\u00e9 (m\u00e9t\u00e9orologique) d&rsquo;environ dix jours par d\u00e9cennie depuis les ann\u00e9es 1980\u00bb, a soulign\u00e9 Ruben del Campo.<\/p>\n\n\n\n<p>Fin avril, une masse d&rsquo;air chaud et sec venue d&rsquo;Afrique du nord avait d\u00e9j\u00e0 entra\u00een\u00e9 un record absolu de temp\u00e9rature pour un mois d&rsquo;avril en Espagne continentale avec 38,8 degr\u00e9s, soit un niveau digne du mois de juillet.<\/p>\n\n\n\n<p>Ce ph\u00e9nom\u00e8ne \u00abaurait \u00e9t\u00e9 quasi impossible sans le changement climatique\u00bb, avait d\u00e9montr\u00e9 quelques jours plus tard une \u00e9tude publi\u00e9e par le World Weather Attribution (WWA).<\/p>\n","protected":false},"excerpt":{"rendered":"<p>L&rsquo;Espagne fait face \u00e0 sa premi\u00e8re vague de chaleur de l&rsquo;\u00e9t\u00e9 avec des temp\u00e9ratures qui pourraient d\u00e9passer localement les 44 degr\u00e9s dans le sud du pays, selon l&rsquo;agence m\u00e9t\u00e9orologique (Aemet). Cette \u00abpremi\u00e8re vague de chaleur de l&rsquo;\u00e9t\u00e9\u00bb, qui a d\u00e9but\u00e9 dimanche, devrait faire grimper le thermom\u00e8tre jusqu&rsquo;\u00e0 39-40 degr\u00e9s dans les r\u00e9gions de Madrid, d&rsquo;Estr\u00e9madure [&hellip;]<\/p>\n","protected":false},"author":2,"featured_media":25150,"comment_status":"open","ping_status":"open","sticky":false,"template":"","format":"standard","meta":{"_jetpack_memberships_contains_paid_content":false,"footnotes":"","jetpack_publicize_message":"","jetpack_publicize_feature_enabled":true,"jetpack_social_post_already_shared":true,"jetpack_social_options":{"image_generator_settings":{"template":"highway","default_image_id":0,"font":"","enabled":false},"version":2},"_wpas_customize_per_network":false},"categories":[14],"tags":[],"class_list":["post-25149","post","type-post","status-publish","format-standard","has-post-thumbnail","hentry","category-actu-meteo"],"jetpack_publicize_connections":[],"jetpack_featured_media_url":"https:\/\/i0.wp.com\/www.iceagetv.com\/radiosite\/wp-content\/uploads\/2023\/06\/LEspagne-fait-face-a-sa-premiere-vague-de-chaleur-de-lete.jpg?fit=679%2C293&ssl=1","jetpack_sharing_enabled":true,"_links":{"self":[{"href":"https:\/\/www.iceagetv.com\/radiosite\/wp-json\/wp\/v2\/posts\/25149","targetHints":{"allow":["GET"]}}],"collection":[{"href":"https:\/\/www.iceagetv.com\/radiosite\/wp-json\/wp\/v2\/posts"}],"about":[{"href":"https:\/\/www.iceagetv.com\/radiosite\/wp-json\/wp\/v2\/types\/post"}],"author":[{"embeddable":true,"href":"https:\/\/www.iceagetv.com\/radiosite\/wp-json\/wp\/v2\/users\/2"}],"replies":[{"embeddable":true,"href":"https:\/\/www.iceagetv.com\/radiosite\/wp-json\/wp\/v2\/comments?post=25149"}],"version-history":[{"count":1,"href":"https:\/\/www.iceagetv.com\/radiosite\/wp-json\/wp\/v2\/posts\/25149\/revisions"}],"predecessor-version":[{"id":25151,"href":"https:\/\/www.iceagetv.com\/radiosite\/wp-json\/wp\/v2\/posts\/25149\/revisions\/25151"}],"wp:featuredmedia":[{"embeddable":true,"href":"https:\/\/www.iceagetv.com\/radiosite\/wp-json\/wp\/v2\/media\/25150"}],"wp:attachment":[{"href":"https:\/\/www.iceagetv.com\/radiosite\/wp-json\/wp\/v2\/media?parent=25149"}],"wp:term":[{"taxonomy":"category","embeddable":true,"href":"https:\/\/www.iceagetv.com\/radiosite\/wp-json\/wp\/v2\/categories?post=25149"},{"taxonomy":"post_tag","embeddable":true,"href":"https:\/\/www.iceagetv.com\/radiosite\/wp-json\/wp\/v2\/tags?post=25149"}],"curies":[{"name":"wp","href":"https:\/\/api.w.org\/{rel}","templated":true}]}}