{"id":25158,"date":"2023-06-28T06:40:48","date_gmt":"2023-06-28T06:40:48","guid":{"rendered":"https:\/\/www.iceagetv.com\/radiosite\/?p=25158"},"modified":"2023-06-28T06:40:48","modified_gmt":"2023-06-28T06:40:48","slug":"ado-tue-par-la-police-plusieurs-villes-francaises-se-sont-embrasees-cette-nuit-forces-de-lordre-attaquees-batiments-incendies-mobilier-urbain-detruit-24-policiers-blesses-42-vehicules-brul","status":"publish","type":"post","link":"https:\/\/www.iceagetv.com\/radiosite\/ado-tue-par-la-police-plusieurs-villes-francaises-se-sont-embrasees-cette-nuit-forces-de-lordre-attaquees-batiments-incendies-mobilier-urbain-detruit-24-policiers-blesses-42-vehicules-brul\/","title":{"rendered":"Ado tu\u00e9 par la police &#8211; Plusieurs villes fran\u00e7aises se sont embras\u00e9es cette nuit : Forces de l&rsquo;ordre attaqu\u00e9es, b\u00e2timents incendi\u00e9s, mobilier urbain d\u00e9truit&#8230; 24 policiers bless\u00e9s, 42 v\u00e9hicules br\u00fbl\u00e9s et 24 interpellations"},"content":{"rendered":"\n<p><strong>Le Pr\u00e9fet de Police est ce matin sur Cnews est fait le bilan de la nuit :\u00a0<\/strong>\u00ab\u00a0J&rsquo;avais b\u00e2ti un dispositif de police tr\u00e8s mobile qui a du faire face \u00e0 des groupes qui voulaient s&rsquo;en prendre aux forces de l&rsquo;ordre. Plus de 350 personnes ont \u00e9t\u00e9 mobilis\u00e9s policiers ou gendarmes.<strong>\u00a0Il y a eu 42 v\u00e9hicules br\u00fbl\u00e9s mais aussi 24 policiers et gendarmes bless\u00e9s. A noter \u00e9galement que 24 personnes ont \u00e9t\u00e9 interpell\u00e9es.<\/strong><\/p>\n\n\n\n<p><strong>Le point sur les violences dans plusieurs villes en France cette nuit apr\u00e8s la mort d&rsquo;un jeune conducteur tu\u00e9 par un policier alors qu&rsquo;il prenait la fuite (Images dans la vid\u00e9o ci-dessus et dans les tweets en bas de page) &#8211;<\/strong>&nbsp;Incompr\u00e9hension et col\u00e8re \u00e0 Nanterre hier soir apr\u00e8s la mort d&rsquo;un adolescent qui a \u00e9t\u00e9 tu\u00e9 par le tir d&rsquo;un policier alors qu&rsquo;il a a red\u00e9marr\u00e9 lors d&rsquo;un contr\u00f4le de police. Une col\u00e8re qui s&rsquo;est propag\u00e9e dans plusieurs villes autour de Paris.&nbsp;<\/p>\n\n\n\n<p><a href=\"https:\/\/www.lefigaro.fr\/actualite-france\/en-direct-mineur-tue-a-nanterre-un-policier-en-garde-a-vue-pour-homicide-volontaire-1-20230627\" target=\"_blank\" rel=\"noreferrer noopener\">Selon le Figaro<\/a>, des tensions ont \u00e9clat\u00e9 dans plusieurs villes d&rsquo;\u00cele-de-France comme \u00e0 Suresnes, \u00e0 Montfermeil, \u00e0 Colombes, \u00e0 Asni\u00e8res-sur-Seine, \u00e0 Rueil-Malmaison, ou encore \u00e0 Mantes-la-Jolie o\u00f9 la mairie de quartier du Val Fourr\u00e9 a \u00e9t\u00e9 ravag\u00e9e par les flammes.<\/p>\n\n\n\n<p>De nombreux incendies ont ravag\u00e9 des b\u00e2timents \u00e0 Nanterre. L&rsquo;\u00e9cole \u00e9l\u00e9mentaire de Pablo Picasso \u00e9tait ainsi en proie aux flammes tout comme le centre de loisir des Gavroches o\u00f9 se trouvaient plusieurs dizaines d&rsquo;animaux qui ont pu \u00eatre sauv\u00e9s.<\/p>\n\n\n\n<p><a href=\"https:\/\/www.leparisien.fr\/hauts-de-seine-92\/adolescent-tue-par-la-police-des-affrontements-avec-les-forces-de-lordre-a-nanterre-27-06-2023-TV3IFDS3Q5EARD6OCT7P2DOKWA.php?ts=1687924740932\" target=\"_blank\" rel=\"noreferrer noopener\">Nos confr\u00e8res du Parisien<\/a>&nbsp;racontent les incidents \u00e0 Nanterre&nbsp; : \u00ab\u00a0Dans la soir\u00e9e, des tensions ont \u00e9clat\u00e9 dans diff\u00e9rents quartiers de la ville. Des v\u00e9hicules et du mobilier urbain ont \u00e9t\u00e9 incendi\u00e9s et des affrontements ont eu lieu entre jeunes et forces de l\u2019ordre.\u00a0\u00bb<\/p>\n\n\n\n<p>Deux unit\u00e9s de forces mobiles ont \u00e9t\u00e9 d\u00e9ploy\u00e9es dans le chef-lieu des Hauts-de-Seine pour la nuit, indique le minist\u00e8re de l\u2019Int\u00e9rieur.&nbsp;Plus t\u00f4t, vers 19h15, une cinquantaine de jeunes s\u2019\u00e9taient regroup\u00e9s avenue Henri-Martin, avant de tirer \u00e0 coups de mortiers d\u2019artifice en direction des b\u00e2timents.&nbsp;<\/p>\n\n\n\n<p>D\u00e8s la&nbsp; fin d&rsquo;apr\u00e8s-midi, des individus ont mis le feu \u00e0 plusieurs conteneurs dans la cit\u00e9 Zilina \u00e0 Nanterre d&rsquo;apr\u00e8s une source polici\u00e8re \u00e0 CNEWS. Pour l&rsquo;heure aucun bilan sur les d\u00e9g\u00e2ts mat\u00e9riels occasionn\u00e9s n&rsquo;a \u00e9t\u00e9 communiqu\u00e9. Ces actes font suites \u00e0 la mort d&rsquo;un jeune gar\u00e7on tu\u00e9 apr\u00e8s un refus d&rsquo;obtemp\u00e9rer ce matin.<\/p>\n\n\n\n<p>Deux plaintes vont \u00eatre d\u00e9pos\u00e9es par la famille du jeune&nbsp;Nahel (17 ans), conducteur tu\u00e9 ce mardi matin apr\u00e8s un refus d&rsquo;obtemp\u00e9rer \u00e0 Nanterre (Hauts-de-Seine). L&rsquo;une va \u00eatre d\u00e9pos\u00e9e pour homicide volontaire et l&rsquo;autre pour faux en \u00e9criture publique, car \u00ables policiers ont menti en affirmant que le v\u00e9hicule du jeune Na\u00ebl avait tent\u00e9 de les percuter et de commettre un homicide sur leur personne\u00bb, a d\u00e9nonc\u00e9 Me Bouzrou, avocat de la famille.<\/p>\n","protected":false},"excerpt":{"rendered":"<p>Le Pr\u00e9fet de Police est ce matin sur Cnews est fait le bilan de la nuit :\u00a0\u00ab\u00a0J&rsquo;avais b\u00e2ti un dispositif de police tr\u00e8s mobile qui a du faire face \u00e0 des groupes qui voulaient s&rsquo;en prendre aux forces de l&rsquo;ordre. Plus de 350 personnes ont \u00e9t\u00e9 mobilis\u00e9s policiers ou gendarmes.\u00a0Il y a eu 42 v\u00e9hicules [&hellip;]<\/p>\n","protected":false},"author":2,"featured_media":25159,"comment_status":"open","ping_status":"open","sticky":false,"template":"","format":"standard","meta":{"_jetpack_memberships_contains_paid_content":false,"footnotes":"","jetpack_publicize_message":"","jetpack_publicize_feature_enabled":true,"jetpack_social_post_already_shared":true,"jetpack_social_options":{"image_generator_settings":{"template":"highway","default_image_id":0,"font":"","enabled":false},"version":2},"_wpas_customize_per_network":false},"categories":[405],"tags":[],"class_list":["post-25158","post","type-post","status-publish","format-standard","has-post-thumbnail","hentry","category-actu-france-monde"],"jetpack_publicize_connections":[],"jetpack_featured_media_url":"https:\/\/i0.wp.com\/www.iceagetv.com\/radiosite\/wp-content\/uploads\/2023\/06\/Ado-tue-par-la-police.jpg?fit=679%2C293&ssl=1","jetpack_sharing_enabled":true,"_links":{"self":[{"href":"https:\/\/www.iceagetv.com\/radiosite\/wp-json\/wp\/v2\/posts\/25158","targetHints":{"allow":["GET"]}}],"collection":[{"href":"https:\/\/www.iceagetv.com\/radiosite\/wp-json\/wp\/v2\/posts"}],"about":[{"href":"https:\/\/www.iceagetv.com\/radiosite\/wp-json\/wp\/v2\/types\/post"}],"author":[{"embeddable":true,"href":"https:\/\/www.iceagetv.com\/radiosite\/wp-json\/wp\/v2\/users\/2"}],"replies":[{"embeddable":true,"href":"https:\/\/www.iceagetv.com\/radiosite\/wp-json\/wp\/v2\/comments?post=25158"}],"version-history":[{"count":1,"href":"https:\/\/www.iceagetv.com\/radiosite\/wp-json\/wp\/v2\/posts\/25158\/revisions"}],"predecessor-version":[{"id":25160,"href":"https:\/\/www.iceagetv.com\/radiosite\/wp-json\/wp\/v2\/posts\/25158\/revisions\/25160"}],"wp:featuredmedia":[{"embeddable":true,"href":"https:\/\/www.iceagetv.com\/radiosite\/wp-json\/wp\/v2\/media\/25159"}],"wp:attachment":[{"href":"https:\/\/www.iceagetv.com\/radiosite\/wp-json\/wp\/v2\/media?parent=25158"}],"wp:term":[{"taxonomy":"category","embeddable":true,"href":"https:\/\/www.iceagetv.com\/radiosite\/wp-json\/wp\/v2\/categories?post=25158"},{"taxonomy":"post_tag","embeddable":true,"href":"https:\/\/www.iceagetv.com\/radiosite\/wp-json\/wp\/v2\/tags?post=25158"}],"curies":[{"name":"wp","href":"https:\/\/api.w.org\/{rel}","templated":true}]}}