{"id":25169,"date":"2023-06-30T04:49:27","date_gmt":"2023-06-30T04:49:27","guid":{"rendered":"https:\/\/www.iceagetv.com\/radiosite\/?p=25169"},"modified":"2023-06-30T04:49:27","modified_gmt":"2023-06-30T04:49:27","slug":"mort-de-nahel-troisieme-soiree-de-violences-en-france-plus-de-400-interpellations","status":"publish","type":"post","link":"https:\/\/www.iceagetv.com\/radiosite\/mort-de-nahel-troisieme-soiree-de-violences-en-france-plus-de-400-interpellations\/","title":{"rendered":"Mort de Nahel\u00a0: troisi\u00e8me soir\u00e9e de violences en France, plus de 400\u00a0interpellations"},"content":{"rendered":"\n<p><strong>Incendies et d\u00e9gradations de b\u00e2timents publics, pillages et \u00e9chauffour\u00e9es ont secou\u00e9 de nombreuses villes pour la troisi\u00e8me nuit cons\u00e9cutive. Le policier auteur du tir a \u00e9t\u00e9 mis en examen et \u00e9crou\u00e9 pour homicide volontaire<\/strong>Pour endiguer une \u00ab\u00a0g\u00e9n\u00e9ralisation\u00a0\u00bb des violences urbaines, les autorit\u00e9s ont mobilis\u00e9 40\u00a0000 policiers et gendarmes, ainsi que des unit\u00e9s d\u2019intervention d\u2019\u00e9lite comme le Raid (police) et ses v\u00e9hicules noirs blind\u00e9s ou le Groupe d\u2019intervention de la gendarmerie nationale (GIGN), d\u00e9ploy\u00e9s dans plusieurs villes<\/p>\n\n\n\n<p>Malgr\u00e9 ce d\u00e9ploiement massif, des violences et des d\u00e9gradations ont \u00e9t\u00e9 signal\u00e9es jeudi soir dans de multiples villes. Vers 3h00, au moins 421&nbsp;personnes ont \u00e9t\u00e9 interpell\u00e9es au niveau national, selon l\u2019entourage de G\u00e9rald Darmanin, dont \u00ab&nbsp;l\u2019essentiel&nbsp;\u00bb est \u00e2g\u00e9 entre 14 et 18&nbsp;ans. Et 245 interpellations ont eu lieu \u00e0 Paris et dans la petite couronne, selon la pr\u00e9fecture de police.<\/p>\n\n\n\n<p>Depuis la mort de Nahel mardi, des \u00e9coles et des \u00e9difices publics ont \u00e9t\u00e9 la cible de la col\u00e8re de jeunes habitants des quartiers populaires et incendi\u00e9s dans de multiples villes de France, rappelant les \u00e9meutes qui avaient embras\u00e9 la France en 2005 apr\u00e8s la mort de deux jeunes poursuivis par la police. Des \u00ab&nbsp;sc\u00e8nes de violences&nbsp;\u00bb contre \u00ab&nbsp;les institutions et la R\u00e9publique&nbsp;\u00bb qui sont \u00ab&nbsp;injustifiables&nbsp;\u00bb, a fustig\u00e9 Emmanuel Macron.<\/p>\n","protected":false},"excerpt":{"rendered":"<p>Incendies et d\u00e9gradations de b\u00e2timents publics, pillages et \u00e9chauffour\u00e9es ont secou\u00e9 de nombreuses villes pour la troisi\u00e8me nuit cons\u00e9cutive. Le policier auteur du tir a \u00e9t\u00e9 mis en examen et \u00e9crou\u00e9 pour homicide volontairePour endiguer une \u00ab\u00a0g\u00e9n\u00e9ralisation\u00a0\u00bb des violences urbaines, les autorit\u00e9s ont mobilis\u00e9 40\u00a0000 policiers et gendarmes, ainsi que des unit\u00e9s d\u2019intervention d\u2019\u00e9lite comme [&hellip;]<\/p>\n","protected":false},"author":2,"featured_media":25159,"comment_status":"open","ping_status":"open","sticky":false,"template":"","format":"standard","meta":{"_jetpack_memberships_contains_paid_content":false,"footnotes":"","jetpack_publicize_message":"","jetpack_publicize_feature_enabled":true,"jetpack_social_post_already_shared":true,"jetpack_social_options":{"image_generator_settings":{"template":"highway","default_image_id":0,"font":"","enabled":false},"version":2},"_wpas_customize_per_network":false},"categories":[405],"tags":[],"class_list":["post-25169","post","type-post","status-publish","format-standard","has-post-thumbnail","hentry","category-actu-france-monde"],"jetpack_publicize_connections":[],"jetpack_featured_media_url":"https:\/\/i0.wp.com\/www.iceagetv.com\/radiosite\/wp-content\/uploads\/2023\/06\/Ado-tue-par-la-police.jpg?fit=679%2C293&ssl=1","jetpack_sharing_enabled":true,"_links":{"self":[{"href":"https:\/\/www.iceagetv.com\/radiosite\/wp-json\/wp\/v2\/posts\/25169","targetHints":{"allow":["GET"]}}],"collection":[{"href":"https:\/\/www.iceagetv.com\/radiosite\/wp-json\/wp\/v2\/posts"}],"about":[{"href":"https:\/\/www.iceagetv.com\/radiosite\/wp-json\/wp\/v2\/types\/post"}],"author":[{"embeddable":true,"href":"https:\/\/www.iceagetv.com\/radiosite\/wp-json\/wp\/v2\/users\/2"}],"replies":[{"embeddable":true,"href":"https:\/\/www.iceagetv.com\/radiosite\/wp-json\/wp\/v2\/comments?post=25169"}],"version-history":[{"count":1,"href":"https:\/\/www.iceagetv.com\/radiosite\/wp-json\/wp\/v2\/posts\/25169\/revisions"}],"predecessor-version":[{"id":25170,"href":"https:\/\/www.iceagetv.com\/radiosite\/wp-json\/wp\/v2\/posts\/25169\/revisions\/25170"}],"wp:featuredmedia":[{"embeddable":true,"href":"https:\/\/www.iceagetv.com\/radiosite\/wp-json\/wp\/v2\/media\/25159"}],"wp:attachment":[{"href":"https:\/\/www.iceagetv.com\/radiosite\/wp-json\/wp\/v2\/media?parent=25169"}],"wp:term":[{"taxonomy":"category","embeddable":true,"href":"https:\/\/www.iceagetv.com\/radiosite\/wp-json\/wp\/v2\/categories?post=25169"},{"taxonomy":"post_tag","embeddable":true,"href":"https:\/\/www.iceagetv.com\/radiosite\/wp-json\/wp\/v2\/tags?post=25169"}],"curies":[{"name":"wp","href":"https:\/\/api.w.org\/{rel}","templated":true}]}}