{"id":25171,"date":"2023-06-30T06:38:07","date_gmt":"2023-06-30T06:38:07","guid":{"rendered":"https:\/\/www.iceagetv.com\/radiosite\/?p=25171"},"modified":"2023-06-30T06:38:07","modified_gmt":"2023-06-30T06:38:07","slug":"madonna-est-rentree-chez-elle-apres-plusieurs-jours-passes-a-lhopital-en-soins-intensifs-a-la-suite-dune-grave-infection-bacterienne","status":"publish","type":"post","link":"https:\/\/www.iceagetv.com\/radiosite\/madonna-est-rentree-chez-elle-apres-plusieurs-jours-passes-a-lhopital-en-soins-intensifs-a-la-suite-dune-grave-infection-bacterienne\/","title":{"rendered":"Madonna est rentr\u00e9e chez elle apr\u00e8s plusieurs jours pass\u00e9s \u00e0 l&rsquo;h\u00f4pital en soins intensifs \u00e0 la suite d&rsquo;une \u00abgrave infection bact\u00e9rienne\u00bb"},"content":{"rendered":"\n<p>La m\u00e9gastar de la pop am\u00e9ricaine Madonna, 64 ans, est rentr\u00e9e chez elle apr\u00e8s quelques jours en soins intensifs \u00e0 la suite d&rsquo;une \u00abgrave infection bact\u00e9rienne\u00bb, a indiqu\u00e9 une source proche de l&rsquo;artiste. Ces probl\u00e8mes de sant\u00e9 l&rsquo;ont oblig\u00e9e \u00e0 reporter sa tourn\u00e9e en Am\u00e9rique du Nord et en Europe. Madonna \u00abse sent mieux\u00bb, a assur\u00e9 cette source sans pr\u00e9ciser quand elle \u00e9tait sortie de l&rsquo;h\u00f4pital.<\/p>\n\n\n\n<p>Mercredi, son manageur Guy Oseary avait r\u00e9v\u00e9l\u00e9 l&rsquo;infection \u00abgrave\u00bb contract\u00e9e samedi dernier par la chanteuse et son hospitalisation en soins intensifs, tout en indiquant que sa sant\u00e9 \u00e9tait en voie \u00abd&rsquo;am\u00e9lioration\u00bb vers un \u00abr\u00e9tablissement complet\u00bb. Parmi ses multiples lieux de r\u00e9sidence, Madonna est r\u00e9put\u00e9e habiter dans le nord de Manhattan, l&rsquo;\u00eele principale de New York. Guy Oseary avait annonc\u00e9 ce mercredi le report de la tourn\u00e9e \u00abThe Celebration Tour\u00bb initialement pr\u00e9vue de juillet \u00e0 d\u00e9cembre en Am\u00e9rique du Nord et en Europe, dont \u00e0 Paris et \u00e0 Londres. Le premier concert de Madonna, pour f\u00eater 40 ans de carri\u00e8re et d&rsquo;influence sans \u00e9gal, devait se tenir le 15 juillet \u00e0 Vancouver, dans l&rsquo;ouest du Canada. Les billets des 35 dates qui devaient s&rsquo;encha\u00eener de Vancouver \u00e0 Las Vegas en passant par toutes les grandes villes d&rsquo;Am\u00e9rique du Nord (Los Angeles, New York, Houston, Chicago, Toronto, Montr\u00e9al\u2026) avaient quasiment \u00e9t\u00e9 tous vendus d\u00e8s janvier dernier.<\/p>\n\n\n\n<p>Le \u00abCelebration Tour\u00bb devait ensuite traverser l&rsquo;Atlantique en octobre pour des concerts \u00e0 Londres, Paris, Berlin, Barcelone et Amsterdam pour un show final le 1er d\u00e9cembre. \u00c0 Paris, Madonna devait enflammer l&rsquo;Accor Arena les 12 et 13 novembre. Madonna Louise Ciccone, n\u00e9e en ao\u00fbt 1958 dans le Michigan, de parents d&rsquo;origines italienne et canadienne francophone, a commenc\u00e9 sa carri\u00e8re de danseuse, autrice compositrice et chanteuse \u00e0 la fin des ann\u00e9es 1970 \u00e0 New York, avec 35 dollars en poche. Elle a remport\u00e9 sept Grammy Awards avec notamment 14 albums studio ainsi que des disques live, bandes originales de films, compilations\u2026 Sa carri\u00e8re \u00e9galement de productrice, actrice et r\u00e9alisatrice de films en fait depuis 40 ans l&rsquo;une des artistes et femme d&rsquo;affaires les plus influentes et riches de la plan\u00e8te.<\/p>\n","protected":false},"excerpt":{"rendered":"<p>La m\u00e9gastar de la pop am\u00e9ricaine Madonna, 64 ans, est rentr\u00e9e chez elle apr\u00e8s quelques jours en soins intensifs \u00e0 la suite d&rsquo;une \u00abgrave infection bact\u00e9rienne\u00bb, a indiqu\u00e9 une source proche de l&rsquo;artiste. Ces probl\u00e8mes de sant\u00e9 l&rsquo;ont oblig\u00e9e \u00e0 reporter sa tourn\u00e9e en Am\u00e9rique du Nord et en Europe. Madonna \u00abse sent mieux\u00bb, a [&hellip;]<\/p>\n","protected":false},"author":2,"featured_media":25172,"comment_status":"open","ping_status":"open","sticky":false,"template":"","format":"standard","meta":{"_jetpack_memberships_contains_paid_content":false,"footnotes":"","jetpack_publicize_message":"","jetpack_publicize_feature_enabled":true,"jetpack_social_post_already_shared":true,"jetpack_social_options":{"image_generator_settings":{"template":"highway","default_image_id":0,"font":"","enabled":false},"version":2},"_wpas_customize_per_network":false},"categories":[405],"tags":[],"class_list":["post-25171","post","type-post","status-publish","format-standard","has-post-thumbnail","hentry","category-actu-france-monde"],"jetpack_publicize_connections":[],"jetpack_featured_media_url":"https:\/\/i0.wp.com\/www.iceagetv.com\/radiosite\/wp-content\/uploads\/2023\/06\/Madonna-est-rentree-chez-elle.jpg?fit=679%2C293&ssl=1","jetpack_sharing_enabled":true,"_links":{"self":[{"href":"https:\/\/www.iceagetv.com\/radiosite\/wp-json\/wp\/v2\/posts\/25171","targetHints":{"allow":["GET"]}}],"collection":[{"href":"https:\/\/www.iceagetv.com\/radiosite\/wp-json\/wp\/v2\/posts"}],"about":[{"href":"https:\/\/www.iceagetv.com\/radiosite\/wp-json\/wp\/v2\/types\/post"}],"author":[{"embeddable":true,"href":"https:\/\/www.iceagetv.com\/radiosite\/wp-json\/wp\/v2\/users\/2"}],"replies":[{"embeddable":true,"href":"https:\/\/www.iceagetv.com\/radiosite\/wp-json\/wp\/v2\/comments?post=25171"}],"version-history":[{"count":1,"href":"https:\/\/www.iceagetv.com\/radiosite\/wp-json\/wp\/v2\/posts\/25171\/revisions"}],"predecessor-version":[{"id":25173,"href":"https:\/\/www.iceagetv.com\/radiosite\/wp-json\/wp\/v2\/posts\/25171\/revisions\/25173"}],"wp:featuredmedia":[{"embeddable":true,"href":"https:\/\/www.iceagetv.com\/radiosite\/wp-json\/wp\/v2\/media\/25172"}],"wp:attachment":[{"href":"https:\/\/www.iceagetv.com\/radiosite\/wp-json\/wp\/v2\/media?parent=25171"}],"wp:term":[{"taxonomy":"category","embeddable":true,"href":"https:\/\/www.iceagetv.com\/radiosite\/wp-json\/wp\/v2\/categories?post=25171"},{"taxonomy":"post_tag","embeddable":true,"href":"https:\/\/www.iceagetv.com\/radiosite\/wp-json\/wp\/v2\/tags?post=25171"}],"curies":[{"name":"wp","href":"https:\/\/api.w.org\/{rel}","templated":true}]}}