{"id":25174,"date":"2023-06-30T12:06:41","date_gmt":"2023-06-30T12:06:41","guid":{"rendered":"https:\/\/www.iceagetv.com\/radiosite\/?p=25174"},"modified":"2023-06-30T12:06:41","modified_gmt":"2023-06-30T12:06:41","slug":"la-ministre-des-sports-amelie-oudea-castera-est-visee-par-une-information-judiciaire-a-la-cour-de-justice-de-la-republique-apres-une-plainte-en-diffamation-de-lex-patron-du-foot-francais-noel","status":"publish","type":"post","link":"https:\/\/www.iceagetv.com\/radiosite\/la-ministre-des-sports-amelie-oudea-castera-est-visee-par-une-information-judiciaire-a-la-cour-de-justice-de-la-republique-apres-une-plainte-en-diffamation-de-lex-patron-du-foot-francais-noel\/","title":{"rendered":"La ministre des Sports Am\u00e9lie Oud\u00e9a-Castera est vis\u00e9e par une information judiciaire \u00e0 la Cour de justice de la R\u00e9publique apr\u00e8s une plainte en diffamation de l\u2019ex-patron du foot fran\u00e7ais No\u00ebl Le Gra\u00ebt"},"content":{"rendered":"\n<p>La ministre des Sports Am\u00e9lie Oud\u00e9a-Castera est vis\u00e9e par une information judiciaire \u00e0 la Cour de justice de la R\u00e9publique (CJR) apr\u00e8s une plainte en diffamation de l\u2019ex-patron du foot fran\u00e7ais No\u00ebl Le Gra\u00ebt, a appris l\u2019AFP vendredi de source judiciaire.<\/p>\n\n\n\n<p>La commission d\u2019instruction de la CJR, seule juridiction habilit\u00e9e \u00e0 juger des ministres dans l\u2019exercice de leur fonction, est saisie depuis le 21 juin de la proc\u00e9dure d\u00e9clench\u00e9e par M. Le Gra\u00ebt apr\u00e8s des propos de la ministre en f\u00e9vrier sur sa gestion de la F\u00e9d\u00e9ration fran\u00e7aise de football (FFF). Sollicit\u00e9 par l\u2019AFP, l\u2019avocat de M. Le Gra\u00ebt, Me Thierry Marembert, n\u2019a pas souhait\u00e9 commenter.<\/p>\n\n\n\n<p>No\u00ebl Le Gra\u00ebt a d\u00e9missionn\u00e9 en f\u00e9vrier avec fracas de la FFF, qu\u2019il dirigeait depuis 2011, apr\u00e8s un rapport d\u2019audit accablant de l\u2019Inspection g\u00e9n\u00e9rale de l\u2019\u00e9ducation, du sport et de la recherche (IGESR) sur sa gestion, sur fond d\u2019accusations de harc\u00e8lement sexuel. Quelques heures apr\u00e8s son d\u00e9part, son avocat avait annonc\u00e9 une plainte, affirmant que Mme Oud\u00e9a-Castera avait \u00ab&nbsp;menti&nbsp;\u00bb sur ce rapport et pointant du doigt une diff\u00e9rence entre la synth\u00e8se du document, publi\u00e9e le 15 f\u00e9vrier et qui \u00e9voquait l\u2019envoi par M. Le Gra\u00ebt de \u00ab&nbsp;SMS ambigus pour certains et \u00e0 caract\u00e8re clairement sexuel pour d\u2019autres&nbsp;\u00bb, et son int\u00e9gralit\u00e9.<\/p>\n\n\n\n<p>&nbsp;Le rapport n\u2019a jamais \u00e9t\u00e9 rendu public. Selon un extrait, consult\u00e9 \u00e0 l\u2019\u00e9poque par l\u2019AFP, la mission d\u2019inspection avait constat\u00e9 \u00ab&nbsp;un faible nombre d\u2019\u00e9crits (SMS notamment) produits par M. Le Gra\u00ebt, utilisant des formulations ambig\u00fces pouvant recevoir diff\u00e9rentes interpr\u00e9tations et un vocabulaire ne comportant aucun terme \u00e0 caract\u00e8re sexuel&nbsp;\u00bb.<\/p>\n\n\n\n<p>M. Le Gra\u00ebt fait l\u2019objet d\u2019une enqu\u00eate pr\u00e9liminaire pour harc\u00e8lement moral et sexuel ouverte par le parquet de Paris. L\u2019ex-directrice g\u00e9n\u00e9rale de la FFF Florence Hardouin, entendue en avril dans cette enqu\u00eate, a port\u00e9 plainte contre lui. Outre Mme Oud\u00e9a-Castera, le garde des Sceaux Eric Dupond-Moretti fait l\u2019objet d\u2019une proc\u00e9dure \u00e0 la CJR, qui a rendu en octobre une ordonnance le renvoyant en proc\u00e8s qu\u2019il conteste.<\/p>\n","protected":false},"excerpt":{"rendered":"<p>La ministre des Sports Am\u00e9lie Oud\u00e9a-Castera est vis\u00e9e par une information judiciaire \u00e0 la Cour de justice de la R\u00e9publique (CJR) apr\u00e8s une plainte en diffamation de l\u2019ex-patron du foot fran\u00e7ais No\u00ebl Le Gra\u00ebt, a appris l\u2019AFP vendredi de source judiciaire. La commission d\u2019instruction de la CJR, seule juridiction habilit\u00e9e \u00e0 juger des ministres dans [&hellip;]<\/p>\n","protected":false},"author":2,"featured_media":25175,"comment_status":"open","ping_status":"open","sticky":false,"template":"","format":"standard","meta":{"_jetpack_memberships_contains_paid_content":false,"footnotes":"","jetpack_publicize_message":"","jetpack_publicize_feature_enabled":true,"jetpack_social_post_already_shared":true,"jetpack_social_options":{"image_generator_settings":{"template":"highway","default_image_id":0,"font":"","enabled":false},"version":2},"_wpas_customize_per_network":false},"categories":[18],"tags":[],"class_list":["post-25174","post","type-post","status-publish","format-standard","has-post-thumbnail","hentry","category-actu-sport"],"jetpack_publicize_connections":[],"jetpack_featured_media_url":"https:\/\/i0.wp.com\/www.iceagetv.com\/radiosite\/wp-content\/uploads\/2023\/06\/La-ministre-des-Sports-Amelie-Oudea-Castera.jpg?fit=679%2C293&ssl=1","jetpack_sharing_enabled":true,"_links":{"self":[{"href":"https:\/\/www.iceagetv.com\/radiosite\/wp-json\/wp\/v2\/posts\/25174","targetHints":{"allow":["GET"]}}],"collection":[{"href":"https:\/\/www.iceagetv.com\/radiosite\/wp-json\/wp\/v2\/posts"}],"about":[{"href":"https:\/\/www.iceagetv.com\/radiosite\/wp-json\/wp\/v2\/types\/post"}],"author":[{"embeddable":true,"href":"https:\/\/www.iceagetv.com\/radiosite\/wp-json\/wp\/v2\/users\/2"}],"replies":[{"embeddable":true,"href":"https:\/\/www.iceagetv.com\/radiosite\/wp-json\/wp\/v2\/comments?post=25174"}],"version-history":[{"count":1,"href":"https:\/\/www.iceagetv.com\/radiosite\/wp-json\/wp\/v2\/posts\/25174\/revisions"}],"predecessor-version":[{"id":25176,"href":"https:\/\/www.iceagetv.com\/radiosite\/wp-json\/wp\/v2\/posts\/25174\/revisions\/25176"}],"wp:featuredmedia":[{"embeddable":true,"href":"https:\/\/www.iceagetv.com\/radiosite\/wp-json\/wp\/v2\/media\/25175"}],"wp:attachment":[{"href":"https:\/\/www.iceagetv.com\/radiosite\/wp-json\/wp\/v2\/media?parent=25174"}],"wp:term":[{"taxonomy":"category","embeddable":true,"href":"https:\/\/www.iceagetv.com\/radiosite\/wp-json\/wp\/v2\/categories?post=25174"},{"taxonomy":"post_tag","embeddable":true,"href":"https:\/\/www.iceagetv.com\/radiosite\/wp-json\/wp\/v2\/tags?post=25174"}],"curies":[{"name":"wp","href":"https:\/\/api.w.org\/{rel}","templated":true}]}}