{"id":25177,"date":"2023-07-01T05:02:05","date_gmt":"2023-07-01T05:02:05","guid":{"rendered":"https:\/\/www.iceagetv.com\/radiosite\/?p=25177"},"modified":"2023-07-01T05:02:05","modified_gmt":"2023-07-01T05:02:05","slug":"tour-de-france-2023-tadej-pogacar-jonas-vingegaard-acte-ii-qui-a-lavantage","status":"publish","type":"post","link":"https:\/\/www.iceagetv.com\/radiosite\/tour-de-france-2023-tadej-pogacar-jonas-vingegaard-acte-ii-qui-a-lavantage\/","title":{"rendered":"Tour de France 2023 : Tadej Pogacar-Jonas Vingegaard acte II, qui a l&rsquo;avantage ?"},"content":{"rendered":"\n<p>Ce sera la troisi\u00e8me fois qu\u2019ils s\u2019affronteront sur le Tour de France, mais ce sera bien la deuxi\u00e8me o\u00f9 ils se jaugeront les yeux dans les yeux. En 2021,&nbsp;<a href=\"https:\/\/www.francetvinfo.fr\/tour-de-france\/tour-de-france-2021-tadej-pogacar-le-maitre-du-temps_4684629.html\">quand Tadej Pogacar avait \u00e9cras\u00e9 le Tour de France<\/a>, Jonas Vingegaard \u00e9tait alors lieutenant de rechange de Primoz Roglic, m\u00eame s\u2019il avait \u00e9t\u00e9 le seul \u00e0 d\u00e9crocher Pogacar de sa roue sur le Mont Ventoux. En 2022,&nbsp;<a href=\"https:\/\/www.francetvinfo.fr\/tour-de-france\/tour-de-france-2022-jonas-vingegaard-vainqueur-de-sa-premiere-grande-boucle-jasper-philipsen-s-offre-au-sprint-la-21e-etape_5275612.html\">le Danois, intronis\u00e9 leader, avait veng\u00e9 son \u00e9quipe<\/a>&nbsp;en harassant dans le col du Granon un Pogacar exsangue, victime de la chaleur et des coups de boutoir de la Jumbo-Visma.<\/p>\n\n\n\n<p>Les voici pr\u00eats pour le deuxi\u00e8me acte, \u00e0 partir de Bilbao samedi. Et s\u2019ils semblent seuls sur leur plan\u00e8te pour viser la victoire finale, ils d\u00e9marrent ce Tour avec des pr\u00e9parations diff\u00e9rentes.<strong><\/strong><\/p>\n\n\n\n<h2 class=\"wp-block-heading\"><strong>Pr\u00e9paration : avantage Vingegaard<\/strong><\/h2>\n\n\n\n<p>Sans sa grosse chute lors de Li\u00e8ge-Bastogne-Li\u00e8ge, qui lui a occasionn\u00e9 une blessure au poignet et un arr\u00eat de comp\u00e9tition jusqu\u2019\u00e0 la semaine derni\u00e8re, Tadej Pogacar aurait sans doute remport\u00e9 ce premier duel. Le Slov\u00e8ne de 24 ans avait fait feu de tout bois en d\u00e9but d\u2019ann\u00e9e : deux victoires sur ses courses \u00e0 \u00e9tapes (Tour d\u2019Andalousie et Paris-Nice, avec trois victoires d\u2019\u00e9tapes \u00e0 chaque fois), et une campagne de classiques exceptionnelle (victoire sur le Tour des Flandres, l\u2019Amstel Gold Race et la Fl\u00e8che Wallonne).<\/p>\n\n\n\n<p>Mais cette chute \u00e0 Li\u00e8ge le 23 avril est venue tout chambouler, et faire planer le doute : avec seulement deux jours de course depuis cette date (ses championnats nationaux sur route et contre-la-montre, tous les deux remport\u00e9s), Pogacar arrive \u00e0 l\u2019arr\u00eat au Tour, l\u00e0 o\u00f9 tous aiment arriver lanc\u00e9s. \u00ab\u00a0<em>Les entra\u00eenements se sont bien pass\u00e9s, les sensations sont bonnes, je me sens pr\u00eat\u00a0\u00bb,\u00a0<\/em>a balay\u00e9 le double vainqueur jeudi. \u00ab\u00a0<em>Il est jeune et tellement dou\u00e9 que je suis s\u00fbr qu&rsquo;il r\u00e9pondra pr\u00e9sent. Parfois, un peu de repos te rend m\u00eame plus fort\u00a0\u00bb<\/em>, a ajout\u00e9 son fid\u00e8le sherpa Rafal Majka.De son c\u00f4t\u00e9, Jonas Vingegaard a suivi une trajectoire de pr\u00e9paration bien plus rectiligne. Le discret Danois ne s\u2019est pas \u00e9parpill\u00e9 sur les classiques, se contentant d\u2019\u00e9craser les courses par \u00e9tapes qu\u2019il a disput\u00e9es (Gran Camino, Tour du Pays basque, Dauphin\u00e9). Il a \u00e9t\u00e9 domin\u00e9 par Pogacar sur Paris-Nice (3e) mais le pic de forme et juillet \u00e9taient encore loin, et la suite l\u2019a confirm\u00e9 : sur le Dauphin\u00e9 d\u00e9but juin, il semblait tr\u00e8s largement au-dessus de la concurrence. \u00ab\u00a0<em>J\u2019ai eu une bonne p\u00e9riode apr\u00e8s le Dauphin\u00e9, on est all\u00e9 en camp d&rsquo;entra\u00eenement, je me sens pr\u00eat. Je suis l\u00e0 o\u00f9 je voulais \u00eatre, ma forme est bonne. Lors des deux derniers mois, je n\u2019ai pens\u00e9 qu&rsquo;\u00e0 l&rsquo;entra\u00eenement pour \u00eatre pr\u00eat pour le Tour. On verra dans trois semaines si c\u2019est suffisant\u00a0\u00bb,\u00a0<\/em>a expliqu\u00e9 le vainqueur sortant jeudi.<\/p>\n\n\n\n<h2 class=\"wp-block-heading\"><strong>Polyvalence : avantage Pogacar<\/strong><\/h2>\n\n\n\n<p>Un Tour se gagne toujours en montagne, mais peut se perdre \u00e0 peu pr\u00e8s n\u2019importe o\u00f9. Et \u00e0 ce jeu-l\u00e0, Tadej Pogacar a tout pour bousculer son rival. En 2022, son coup de force sur les pav\u00e9s avait co\u00efncid\u00e9 avec la pagaille des changements de v\u00e9lo de Jumbo-Visma, qui avait finalement limit\u00e9 la casse. L\u2019agilit\u00e9 sur sa monture, la capacit\u00e9 \u00e0 dompter tous les terrains et tous les temps, ainsi que son punch donnent \u00e0 Pogacar un large avantage face au Danois en cas de terrain impr\u00e9vu ou de conditions dantesques. Le Pays basque en regorge d\u00e9j\u00e0.<\/p>\n","protected":false},"excerpt":{"rendered":"<p>Ce sera la troisi\u00e8me fois qu\u2019ils s\u2019affronteront sur le Tour de France, mais ce sera bien la deuxi\u00e8me o\u00f9 ils se jaugeront les yeux dans les yeux. En 2021,&nbsp;quand Tadej Pogacar avait \u00e9cras\u00e9 le Tour de France, Jonas Vingegaard \u00e9tait alors lieutenant de rechange de Primoz Roglic, m\u00eame s\u2019il avait \u00e9t\u00e9 le seul \u00e0 d\u00e9crocher [&hellip;]<\/p>\n","protected":false},"author":2,"featured_media":25179,"comment_status":"open","ping_status":"open","sticky":false,"template":"","format":"standard","meta":{"_jetpack_memberships_contains_paid_content":false,"footnotes":"","jetpack_publicize_message":"","jetpack_publicize_feature_enabled":true,"jetpack_social_post_already_shared":true,"jetpack_social_options":{"image_generator_settings":{"template":"highway","default_image_id":0,"font":"","enabled":false},"version":2},"_wpas_customize_per_network":false},"categories":[405],"tags":[],"class_list":["post-25177","post","type-post","status-publish","format-standard","has-post-thumbnail","hentry","category-actu-france-monde"],"jetpack_publicize_connections":[],"jetpack_featured_media_url":"https:\/\/i0.wp.com\/www.iceagetv.com\/radiosite\/wp-content\/uploads\/2023\/07\/Screenshot_20230701_070240.jpg?fit=838%2C548&ssl=1","jetpack_sharing_enabled":true,"_links":{"self":[{"href":"https:\/\/www.iceagetv.com\/radiosite\/wp-json\/wp\/v2\/posts\/25177","targetHints":{"allow":["GET"]}}],"collection":[{"href":"https:\/\/www.iceagetv.com\/radiosite\/wp-json\/wp\/v2\/posts"}],"about":[{"href":"https:\/\/www.iceagetv.com\/radiosite\/wp-json\/wp\/v2\/types\/post"}],"author":[{"embeddable":true,"href":"https:\/\/www.iceagetv.com\/radiosite\/wp-json\/wp\/v2\/users\/2"}],"replies":[{"embeddable":true,"href":"https:\/\/www.iceagetv.com\/radiosite\/wp-json\/wp\/v2\/comments?post=25177"}],"version-history":[{"count":1,"href":"https:\/\/www.iceagetv.com\/radiosite\/wp-json\/wp\/v2\/posts\/25177\/revisions"}],"predecessor-version":[{"id":25180,"href":"https:\/\/www.iceagetv.com\/radiosite\/wp-json\/wp\/v2\/posts\/25177\/revisions\/25180"}],"wp:featuredmedia":[{"embeddable":true,"href":"https:\/\/www.iceagetv.com\/radiosite\/wp-json\/wp\/v2\/media\/25179"}],"wp:attachment":[{"href":"https:\/\/www.iceagetv.com\/radiosite\/wp-json\/wp\/v2\/media?parent=25177"}],"wp:term":[{"taxonomy":"category","embeddable":true,"href":"https:\/\/www.iceagetv.com\/radiosite\/wp-json\/wp\/v2\/categories?post=25177"},{"taxonomy":"post_tag","embeddable":true,"href":"https:\/\/www.iceagetv.com\/radiosite\/wp-json\/wp\/v2\/tags?post=25177"}],"curies":[{"name":"wp","href":"https:\/\/api.w.org\/{rel}","templated":true}]}}