{"id":25198,"date":"2023-07-03T18:43:53","date_gmt":"2023-07-03T18:43:53","guid":{"rendered":"https:\/\/www.iceagetv.com\/radiosite\/?p=25198"},"modified":"2023-07-03T18:43:53","modified_gmt":"2023-07-03T18:43:53","slug":"emeutes-les-degats-pour-les-transports-publics-franciliens-estimes-a-au-moins-20-millions-deuros","status":"publish","type":"post","link":"https:\/\/www.iceagetv.com\/radiosite\/emeutes-les-degats-pour-les-transports-publics-franciliens-estimes-a-au-moins-20-millions-deuros\/","title":{"rendered":"\u00a0\u00c9MEUTES: LES D\u00c9G\u00c2TS POUR LES TRANSPORTS PUBLICS FRANCILIENS ESTIM\u00c9S \u00c0 \u00ab\u00a0AU MOINS 20 MILLIONS D&rsquo;EUROS"},"content":{"rendered":"\n<h2 class=\"wp-block-heading\">Le patron du Medef estime les d\u00e9g\u00e2ts pour les entreprises \u00e0 \u00ab\u00a0plus d&rsquo;un milliard d&rsquo;euros\u00a0\u00bb<\/h2>\n\n\n\n<p>Dans&nbsp;<a href=\"https:\/\/www.leparisien.fr\/economie\/un-milliard-deuros-de-degats-pour-les-entreprises-le-patron-du-medef-fait-un-premier-bilan-des-emeutes-03-07-2023-L4H2VUOOOREKNNLKKSA6FMCO6Q.php\" target=\"_blank\" rel=\"noreferrer noopener\">une interview au&nbsp;<em>Parisien<\/em><\/a>, Geoffroy Roux de B\u00e9zieux \u00ab\u00a0estime qu&rsquo;il est trop t\u00f4t pour donner un chiffre pr\u00e9cis\u00a0\u00bb concernant les d\u00e9g\u00e2ts pour les entreprises provoqu\u00e9s par les \u00e9meutes.<\/p>\n\n\n\n<p>Il indique cependant qu'\u00a0\u00bbon est \u00e0 plus d&rsquo;un milliard d&rsquo;euros, sans compter les d\u00e9g\u00e2ts au niveau du tourisme. Les vid\u00e9os des \u00e9meutes, qui ont circul\u00e9 dans le monde, d\u00e9gradent l&rsquo;image de la France.\u00a0\u00bb<\/p>\n\n\n\n<h2 class=\"wp-block-heading\">Des hackers diffusent les donnes personnelles de plus de 1000 magistrats<\/h2>\n\n\n\n<p>Une plainte pour \u00ab\u00a0atteinte \u00e0 un syst\u00e8me de traitement automatis\u00e9 de donn\u00e9es\u00a0\u00bb a \u00e9t\u00e9 d\u00e9pos\u00e9e lundi apr\u00e8s la fuite de donn\u00e9es personnelles de 1121 magistrats par des hackers, a indiqu\u00e9 le minist\u00e8re de la Justice,&nbsp;<a href=\"https:\/\/www.numerama.com\/cyberguerre\/1435460-apres-les-emeutes-des-infos-personnelles-de-juges-publiees-par-des-hackers.html\" target=\"_blank\" rel=\"noreferrer noopener\">confirmant une information du site Numerama.<\/a>&nbsp;La revendication du groupe de pirates, baptis\u00e9 KromSec, fait implicitement r\u00e9f\u00e9rence aux violences urbaines apr\u00e8s la mort de Nahel,<\/p>\n\n\n\n<p>Le minist\u00e8re a affirm\u00e9, sans plus de pr\u00e9cision, qu&rsquo;il s&rsquo;agit de \u00ab\u00a0donn\u00e9es anciennes\u00a0\u00bb et que \u00ab\u00a0le piratage n&rsquo;a pas vis\u00e9 les serveurs du minist\u00e8re de la Justice\u00a0\u00bb. Si certaines personnes sont aujourd&rsquo;hui \u00e0 la retraite, le fichier contient des noms de juges toujours en activit\u00e9.<\/p>\n\n\n\n<h2 class=\"wp-block-heading\">Cagnotte pour le policier de Nanterre: pour Borne, \u00ab\u00a0c&rsquo;est \u00e0 la justice de d\u00e9cider de sa l\u00e9galit\u00e9\u00a0\u00bb<\/h2>\n\n\n\n<p>Interrog\u00e9e sur\u00a0<a href=\"https:\/\/www.bfmtv.com\/tech\/un-million-d-euros-la-cagnotte-liee-au-policier-qui-a-tire-sur-nahel-peut-elle-etre-annulee_AV-202307030520.html\">la cagnotte controvers\u00e9e qui a d\u00e9pass\u00e9 le million d&rsquo;euros aujourd&rsquo;hui<\/a>, \u00c9lisabeth Borne \u00ab\u00a0ne souhaite pas s&rsquo;exprimer d&rsquo;un point de vue personnel\u00a0\u00bb.<br><br>\u00ab\u00a0C&rsquo;est \u00e0 la justice de se prononcer sur la l\u00e9galit\u00e9 de cette cagnotte\u00a0\u00bb, poursuit la cheffe du gouvernement. Toutefois, \u00ab\u00a0le fait que ce soit une personne proche de l&rsquo;extr\u00eame droite qui ait lanc\u00e9 cette cagnotte ne contribue sans doute pas \u00e0 apporter de l&rsquo;apaisement\u00a0\u00bb, estime-t-elle, en r\u00e9f\u00e9rence\u00a0<a href=\"https:\/\/www.bfmtv.com\/police-justice\/mort-de-nahel-la-cagnotte-de-soutien-au-policier-auteur-du-tir-creee-par-le-militant-d-extreme-droite-jean-messiha-fait-polemique_VN-202307030061.html\">\u00e0 Jean Messiha<\/a>, \u00e0 l&rsquo;origine de cette initiative.<\/p>\n\n\n\n<h2 class=\"wp-block-heading\">Les \u00e9meutes \u00e0 l&rsquo;origine d'\u00a0\u00bbau moins 20 millions d&rsquo;euros de d\u00e9g\u00e2ts\u00a0\u00bb pour les transports publics en \u00cele-de-France<\/h2>\n\n\n\n<p>Les \u00e9meutes ont fait &lsquo;\u00a0\u00bbau moins 20 millions d&rsquo;euros de d\u00e9g\u00e2ts\u00a0\u00bb pour les transports publics en \u00cele-de-France, selon \u00cele-de-france Mobilit\u00e9s (IDFM), confirmant&nbsp;<a href=\"https:\/\/www.leparisien.fr\/info-paris-ile-de-france-oise\/transports\/violences-urbaines-en-ile-de-france-au-moins-20-millions-deuros-de-degats-pour-les-transports-publics-03-07-2023-E47TKOBZPZFIVIZH6U7KVU7FQY.php\" target=\"_blank\" rel=\"noreferrer noopener\">une information du&nbsp;<em>Parisien<\/em><\/a>.<\/p>\n","protected":false},"excerpt":{"rendered":"<p>Le patron du Medef estime les d\u00e9g\u00e2ts pour les entreprises \u00e0 \u00ab\u00a0plus d&rsquo;un milliard d&rsquo;euros\u00a0\u00bb Dans&nbsp;une interview au&nbsp;Parisien, Geoffroy Roux de B\u00e9zieux \u00ab\u00a0estime qu&rsquo;il est trop t\u00f4t pour donner un chiffre pr\u00e9cis\u00a0\u00bb concernant les d\u00e9g\u00e2ts pour les entreprises provoqu\u00e9s par les \u00e9meutes. Il indique cependant qu&rsquo;\u00a0\u00bbon est \u00e0 plus d&rsquo;un milliard d&rsquo;euros, sans compter les [&hellip;]<\/p>\n","protected":false},"author":2,"featured_media":25159,"comment_status":"open","ping_status":"open","sticky":false,"template":"","format":"standard","meta":{"_jetpack_memberships_contains_paid_content":false,"footnotes":"","jetpack_publicize_message":"","jetpack_publicize_feature_enabled":true,"jetpack_social_post_already_shared":true,"jetpack_social_options":{"image_generator_settings":{"template":"highway","default_image_id":0,"font":"","enabled":false},"version":2},"_wpas_customize_per_network":false},"categories":[405],"tags":[],"class_list":["post-25198","post","type-post","status-publish","format-standard","has-post-thumbnail","hentry","category-actu-france-monde"],"jetpack_publicize_connections":[],"jetpack_featured_media_url":"https:\/\/i0.wp.com\/www.iceagetv.com\/radiosite\/wp-content\/uploads\/2023\/06\/Ado-tue-par-la-police.jpg?fit=679%2C293&ssl=1","jetpack_sharing_enabled":true,"_links":{"self":[{"href":"https:\/\/www.iceagetv.com\/radiosite\/wp-json\/wp\/v2\/posts\/25198","targetHints":{"allow":["GET"]}}],"collection":[{"href":"https:\/\/www.iceagetv.com\/radiosite\/wp-json\/wp\/v2\/posts"}],"about":[{"href":"https:\/\/www.iceagetv.com\/radiosite\/wp-json\/wp\/v2\/types\/post"}],"author":[{"embeddable":true,"href":"https:\/\/www.iceagetv.com\/radiosite\/wp-json\/wp\/v2\/users\/2"}],"replies":[{"embeddable":true,"href":"https:\/\/www.iceagetv.com\/radiosite\/wp-json\/wp\/v2\/comments?post=25198"}],"version-history":[{"count":1,"href":"https:\/\/www.iceagetv.com\/radiosite\/wp-json\/wp\/v2\/posts\/25198\/revisions"}],"predecessor-version":[{"id":25199,"href":"https:\/\/www.iceagetv.com\/radiosite\/wp-json\/wp\/v2\/posts\/25198\/revisions\/25199"}],"wp:featuredmedia":[{"embeddable":true,"href":"https:\/\/www.iceagetv.com\/radiosite\/wp-json\/wp\/v2\/media\/25159"}],"wp:attachment":[{"href":"https:\/\/www.iceagetv.com\/radiosite\/wp-json\/wp\/v2\/media?parent=25198"}],"wp:term":[{"taxonomy":"category","embeddable":true,"href":"https:\/\/www.iceagetv.com\/radiosite\/wp-json\/wp\/v2\/categories?post=25198"},{"taxonomy":"post_tag","embeddable":true,"href":"https:\/\/www.iceagetv.com\/radiosite\/wp-json\/wp\/v2\/tags?post=25198"}],"curies":[{"name":"wp","href":"https:\/\/api.w.org\/{rel}","templated":true}]}}