{"id":25203,"date":"2023-07-04T16:06:55","date_gmt":"2023-07-04T16:06:55","guid":{"rendered":"https:\/\/www.iceagetv.com\/radiosite\/?p=25203"},"modified":"2023-07-04T16:06:55","modified_gmt":"2023-07-04T16:06:55","slug":"la-celebre-journaliste-et-romanciere-quebecoise-denise-bombardier-connue-en-france-setre-opposee-publiquement-a-gabriel-matzneff-a-la-television-en-1990-est-decedee","status":"publish","type":"post","link":"https:\/\/www.iceagetv.com\/radiosite\/la-celebre-journaliste-et-romanciere-quebecoise-denise-bombardier-connue-en-france-setre-opposee-publiquement-a-gabriel-matzneff-a-la-television-en-1990-est-decedee\/","title":{"rendered":"La c\u00e9l\u00e8bre journaliste et romanci\u00e8re qu\u00e9b\u00e9coise Denise Bombardier, connue en France s&rsquo;\u00eatre oppos\u00e9e publiquement \u00e0 Gabriel Matzneff \u00e0 la t\u00e9l\u00e9vision en 1990, est d\u00e9c\u00e9d\u00e9e"},"content":{"rendered":"\n<p>La c\u00e9l\u00e8bre journaliste et romanci\u00e8re qu\u00e9b\u00e9coise Denise Bombardier, connue en France s&rsquo;\u00eatre oppos\u00e9e publiquement \u00e0 Gabriel Matzneff \u00e0 la t\u00e9l\u00e9vision en 1990, est d\u00e9c\u00e9d\u00e9e mardi \u00e0 l&rsquo;\u00e2ge de 82 ans, a annonc\u00e9 son employeur, le groupe de m\u00e9dia Qu\u00e9becor. Cette intellectuelle, f\u00e9ministe engag\u00e9e, l&rsquo;une des premi\u00e8res femmes \u00e0 avoir r\u00e9ussi \u00e0 s&rsquo;imposer dans les m\u00e9dias qu\u00e9b\u00e9cois, \u00e9tait connue pour son franc-parler.<\/p>\n\n\n\n<p>Elle a succomb\u00e9 en raison de \u00ab\u00a0complications apr\u00e8s des examens m\u00e9dicaux\u00a0\u00bb, selon Qu\u00e9becor. Denise Bombardier a notamment \u00e9t\u00e9 la t\u00eate d&rsquo;affiche de Radio Canada dans les ann\u00e9es 70 et 80 pour des \u00e9missions politiques et culturelles, interviewant de nombreuses c\u00e9l\u00e9brit\u00e9s.<\/p>\n\n\n\n<p>Elle entretenait \u00e9galement des liens forts avec la France, o\u00f9 elle avait termin\u00e9 ses \u00e9tudes, et avait marqu\u00e9 les esprits un soir de mars 1990, lors de l&rsquo;\u00e9mission de Bernard Pivot \u00ab\u00a0Apostrophes\u00a0\u00bb. Devant deux \u00e0 trois millions de t\u00e9l\u00e9spectateurs, la Qu\u00e9b\u00e9coise s&rsquo;\u00e9tait oppos\u00e9e, seule, \u00e0 Gabriel Matzneff dont les \u00e9crits faisaient l&rsquo;apologie des relations sexuelles avec les enfants et adolescents, estimant que la litt\u00e9rature ne pouvait \u00ab\u00a0pas servir d&rsquo;alibi\u00a0\u00bb.<\/p>\n\n\n\n<p>Elle lui avait cri\u00e9 sa col\u00e8re, s&rsquo;inqui\u00e9tant pour les conqu\u00eates mineures de l&rsquo;\u00e9crivain et jugeant qu&rsquo;il aurait eu \u00ab\u00a0des comptes \u00e0 rendre \u00e0 la justice\u00a0\u00bb s&rsquo;il n&rsquo;avait pas \u00ab\u00a0une aura litt\u00e9raire\u00a0\u00bb. Une archive vid\u00e9o de cet \u00e9change est devenue virale au moment de la parution en 2020 par Vanessa Springora d&rsquo;un r\u00e9cit (\u00ab\u00a0Le consentement\u00a0\u00bb), sur sa relation traumatisante, \u00e0 14 ans, avec cet homme de 36 ans son a\u00een\u00e9. Un livre qui avait fait \u00e9clater le scandale et incit\u00e9 le parquet de Paris \u00e0 ouvrir imm\u00e9diatement une enqu\u00eate pour viol sur mineurs de 15 ans.<\/p>\n\n\n\n<p>Au Qu\u00e9bec, Denise Bombardier \u00e9tait \u00e9galement connue pour ses prises de position conservatrices et pour ses ouvrages (\u00ab\u00a0Le Dictionnaire amoureux du Qu\u00e9bec\u00a0\u00bb, \u00ab\u00a0Lettre ouverte aux Fran\u00e7ais qui se croient le nombril du monde\u00a0\u00bb&#8230;) Elle avait par ailleurs \u00e9crit un portrait de la star C\u00e9line Dion apr\u00e8s l&rsquo;avoir suivi pendant un an lors de sa tourn\u00e9e mondiale (\u00ab\u00a0L&rsquo;\u00e9nigmatique C\u00e9line Dion\u00a0\u00bb). Et avait \u00e9galement \u00e9crit la chanson \u00ab\u00a0La Diva\u00a0\u00bb pour cette derni\u00e8re.<\/p>\n\n\n\n<p>Son d\u00e9c\u00e8s a suscit\u00e9 de nombreuses r\u00e9actions du monde politique et culturel. \u00ab\u00a0Bon voyage ch\u00e8re Denise. Brillante, courageuse, dr\u00f4le. Amoureuse du Qu\u00e9bec et de la langue fran\u00e7aise\u00a0\u00bb, a tweet\u00e9 le Premier ministre du Qu\u00e9bec Fran\u00e7ois Legault. Pour la maire de Montr\u00e9al, Val\u00e9rie Plante, \u00ab\u00a0son d\u00e9part est un choc pour tout le Qu\u00e9bec\u00a0\u00bb.<\/p>\n\n\n\n<p>\u00ab\u00a0Femme de parole et de t\u00eate, Denise Bombardier \u00e9tait une grande Montr\u00e9alaise qui avait le courage de ses opinions\u00a0\u00bb, souligne-t-elle.<\/p>\n","protected":false},"excerpt":{"rendered":"<p>La c\u00e9l\u00e8bre journaliste et romanci\u00e8re qu\u00e9b\u00e9coise Denise Bombardier, connue en France s&rsquo;\u00eatre oppos\u00e9e publiquement \u00e0 Gabriel Matzneff \u00e0 la t\u00e9l\u00e9vision en 1990, est d\u00e9c\u00e9d\u00e9e mardi \u00e0 l&rsquo;\u00e2ge de 82 ans, a annonc\u00e9 son employeur, le groupe de m\u00e9dia Qu\u00e9becor. Cette intellectuelle, f\u00e9ministe engag\u00e9e, l&rsquo;une des premi\u00e8res femmes \u00e0 avoir r\u00e9ussi \u00e0 s&rsquo;imposer dans les m\u00e9dias [&hellip;]<\/p>\n","protected":false},"author":2,"featured_media":25204,"comment_status":"open","ping_status":"open","sticky":false,"template":"","format":"standard","meta":{"_jetpack_memberships_contains_paid_content":false,"footnotes":"","jetpack_publicize_message":"","jetpack_publicize_feature_enabled":true,"jetpack_social_post_already_shared":true,"jetpack_social_options":{"image_generator_settings":{"template":"highway","default_image_id":0,"font":"","enabled":false},"version":2},"_wpas_customize_per_network":false},"categories":[68],"tags":[],"class_list":["post-25203","post","type-post","status-publish","format-standard","has-post-thumbnail","hentry","category-actu-culturelle"],"jetpack_publicize_connections":[],"jetpack_featured_media_url":"https:\/\/i0.wp.com\/www.iceagetv.com\/radiosite\/wp-content\/uploads\/2023\/07\/Denise-Bombardier.jpg?fit=679%2C293&ssl=1","jetpack_sharing_enabled":true,"_links":{"self":[{"href":"https:\/\/www.iceagetv.com\/radiosite\/wp-json\/wp\/v2\/posts\/25203","targetHints":{"allow":["GET"]}}],"collection":[{"href":"https:\/\/www.iceagetv.com\/radiosite\/wp-json\/wp\/v2\/posts"}],"about":[{"href":"https:\/\/www.iceagetv.com\/radiosite\/wp-json\/wp\/v2\/types\/post"}],"author":[{"embeddable":true,"href":"https:\/\/www.iceagetv.com\/radiosite\/wp-json\/wp\/v2\/users\/2"}],"replies":[{"embeddable":true,"href":"https:\/\/www.iceagetv.com\/radiosite\/wp-json\/wp\/v2\/comments?post=25203"}],"version-history":[{"count":1,"href":"https:\/\/www.iceagetv.com\/radiosite\/wp-json\/wp\/v2\/posts\/25203\/revisions"}],"predecessor-version":[{"id":25205,"href":"https:\/\/www.iceagetv.com\/radiosite\/wp-json\/wp\/v2\/posts\/25203\/revisions\/25205"}],"wp:featuredmedia":[{"embeddable":true,"href":"https:\/\/www.iceagetv.com\/radiosite\/wp-json\/wp\/v2\/media\/25204"}],"wp:attachment":[{"href":"https:\/\/www.iceagetv.com\/radiosite\/wp-json\/wp\/v2\/media?parent=25203"}],"wp:term":[{"taxonomy":"category","embeddable":true,"href":"https:\/\/www.iceagetv.com\/radiosite\/wp-json\/wp\/v2\/categories?post=25203"},{"taxonomy":"post_tag","embeddable":true,"href":"https:\/\/www.iceagetv.com\/radiosite\/wp-json\/wp\/v2\/tags?post=25203"}],"curies":[{"name":"wp","href":"https:\/\/api.w.org\/{rel}","templated":true}]}}