{"id":25206,"date":"2023-07-04T16:18:58","date_gmt":"2023-07-04T16:18:58","guid":{"rendered":"https:\/\/www.iceagetv.com\/radiosite\/?p=25206"},"modified":"2023-07-04T16:18:58","modified_gmt":"2023-07-04T16:18:58","slug":"coup-de-theatre-dans-le-paf-laurent-ruquier-quitte-france-2-et-pourrait-rejoindre-dans-les-prochaines-semaines-le-groupe-tf1-le-parisien","status":"publish","type":"post","link":"https:\/\/www.iceagetv.com\/radiosite\/coup-de-theatre-dans-le-paf-laurent-ruquier-quitte-france-2-et-pourrait-rejoindre-dans-les-prochaines-semaines-le-groupe-tf1-le-parisien\/","title":{"rendered":"Coup de th\u00e9\u00e2tre dans le PAF : Laurent Ruquier quitte France 2 et pourrait rejoindre dans les prochaines semaines le Groupe TF1 (Le Parisien)"},"content":{"rendered":"\n<p>C&rsquo;est un coup de th\u00e9\u00e2tre dans le PAF ! Laurent Ruquier quitte France 2 et pourrait rejoindre TF1 dans les prochains jours selon les informations du&nbsp;<a href=\"https:\/\/www.leparisien.fr\/culture-loisirs\/tv\/laurent-ruquier-quitte-france-2-04-07-2023-CLJKATVQI5HXRPVMQYGKC2PRXA.php\" target=\"_blank\" rel=\"noreferrer noopener\">Parisien<\/a>. TF1 , o\u00f9 il avait effectu\u00e9 un passage \u00e9clair en 1995 avec les \u00e9ph\u00e9m\u00e8res \u00ab Niouzes \u00bb, d\u00e9programm\u00e9es apr\u00e8s cinq jours d\u2019antenne.&nbsp;<\/p>\n\n\n\n<p>En 2006, il obtenait la case strat\u00e9gique de la deuxi\u00e8me partie de soir\u00e9e du samedi, laiss\u00e9e vacante par Thierry Ardisson. \u00c0 ce rendez-vous, il installe \u00ab\u00a0On n&rsquo;est pas couch\u00e9\u00a0\u00bb, une \u00e9mission de d\u00e9bats dans laquelle de nombreux pol\u00e9mistes se sont r\u00e9v\u00e9l\u00e9s (\u00c9ric Naulleau, \u00c9ric Zemmour, Natacha Polony, Yann Moix\u2026).<\/p>\n\n\n\n<p>Il obtient \u00e9galement, sur France 2, une \u00e9mission d&rsquo;humour, \u00ab\u00a0On n&rsquo;demande qu&rsquo;\u00e0 en rire\u00a0\u00bb (2010-2012). Cette saison, l&rsquo;animateur vedette a laiss\u00e9 la casse du samedi \u00e0 L\u00e9a Salam\u00e9 se contentant des Enfants de la T\u00e9l\u00e9 qu&rsquo;il anime depuis 2017.<\/p>\n\n\n\n<p>Sa pr\u00e9sence sur TF1 au printemps dernier, cach\u00e9 dans Mask Singer avait intrigu\u00e9 de nombreux observateurs.&nbsp;<\/p>\n\n\n\n<p>L&rsquo;animateur s&rsquo;en \u00e9tait expliqu\u00e9 dans les colonnes de nos confr\u00e8res de T\u00e9l\u00e9-Loisirs :<\/p>\n\n\n\n<p>\u00ab\u00a0C\u2019est la production qui m\u2019a contact\u00e9 parce que Mich\u00e8le Bernier \u00e9tait absente et ils se sont dit que je pourrais peut-\u00eatre accepter le r\u00f4le d\u2019enqu\u00eateur, que \u00e7a m\u2019amuserait s\u00fbrement. (&#8230;) Je savais qu\u2019il fallait passer par la case d\u00e9guisement, mais que \u00e7a durerait cinq minutes au d\u00e9but de l\u2019\u00e9mission. C\u2019est quand m\u00eame une performance qu\u2019il fallait r\u00e9aliser\u2026 e ne suis pas s\u00fbr que j\u2019aurais pu tenir pendant plusieurs semaines dans le r\u00f4le du Homard ! Je suis admiratif de ceux qui le font ! Mais je n\u2019ai pas h\u00e9sit\u00e9 du tout parce que \u00e7a m\u2019amusait. J\u2019ai dit oui tout de suite. En revanche, dans l\u2019autre sens, si on m\u2019avait propos\u00e9 d\u2019\u00eatre candidat pendant plusieurs semaines, je ne l\u2019aurais pas fait\u00a0\u00bb a-t-il confi\u00e9.<\/p>\n","protected":false},"excerpt":{"rendered":"<p>C&rsquo;est un coup de th\u00e9\u00e2tre dans le PAF ! Laurent Ruquier quitte France 2 et pourrait rejoindre TF1 dans les prochains jours selon les informations du&nbsp;Parisien. TF1 , o\u00f9 il avait effectu\u00e9 un passage \u00e9clair en 1995 avec les \u00e9ph\u00e9m\u00e8res \u00ab Niouzes \u00bb, d\u00e9programm\u00e9es apr\u00e8s cinq jours d\u2019antenne.&nbsp; En 2006, il obtenait la case strat\u00e9gique [&hellip;]<\/p>\n","protected":false},"author":2,"featured_media":25207,"comment_status":"open","ping_status":"open","sticky":false,"template":"","format":"standard","meta":{"_jetpack_memberships_contains_paid_content":false,"footnotes":"","jetpack_publicize_message":"","jetpack_publicize_feature_enabled":true,"jetpack_social_post_already_shared":true,"jetpack_social_options":{"image_generator_settings":{"template":"highway","default_image_id":0,"font":"","enabled":false},"version":2},"_wpas_customize_per_network":false},"categories":[68],"tags":[],"class_list":["post-25206","post","type-post","status-publish","format-standard","has-post-thumbnail","hentry","category-actu-culturelle"],"jetpack_publicize_connections":[],"jetpack_featured_media_url":"https:\/\/i0.wp.com\/www.iceagetv.com\/radiosite\/wp-content\/uploads\/2023\/07\/Coup-de-theatre-dans-le-PAF.jpg?fit=679%2C293&ssl=1","jetpack_sharing_enabled":true,"_links":{"self":[{"href":"https:\/\/www.iceagetv.com\/radiosite\/wp-json\/wp\/v2\/posts\/25206","targetHints":{"allow":["GET"]}}],"collection":[{"href":"https:\/\/www.iceagetv.com\/radiosite\/wp-json\/wp\/v2\/posts"}],"about":[{"href":"https:\/\/www.iceagetv.com\/radiosite\/wp-json\/wp\/v2\/types\/post"}],"author":[{"embeddable":true,"href":"https:\/\/www.iceagetv.com\/radiosite\/wp-json\/wp\/v2\/users\/2"}],"replies":[{"embeddable":true,"href":"https:\/\/www.iceagetv.com\/radiosite\/wp-json\/wp\/v2\/comments?post=25206"}],"version-history":[{"count":1,"href":"https:\/\/www.iceagetv.com\/radiosite\/wp-json\/wp\/v2\/posts\/25206\/revisions"}],"predecessor-version":[{"id":25208,"href":"https:\/\/www.iceagetv.com\/radiosite\/wp-json\/wp\/v2\/posts\/25206\/revisions\/25208"}],"wp:featuredmedia":[{"embeddable":true,"href":"https:\/\/www.iceagetv.com\/radiosite\/wp-json\/wp\/v2\/media\/25207"}],"wp:attachment":[{"href":"https:\/\/www.iceagetv.com\/radiosite\/wp-json\/wp\/v2\/media?parent=25206"}],"wp:term":[{"taxonomy":"category","embeddable":true,"href":"https:\/\/www.iceagetv.com\/radiosite\/wp-json\/wp\/v2\/categories?post=25206"},{"taxonomy":"post_tag","embeddable":true,"href":"https:\/\/www.iceagetv.com\/radiosite\/wp-json\/wp\/v2\/tags?post=25206"}],"curies":[{"name":"wp","href":"https:\/\/api.w.org\/{rel}","templated":true}]}}