{"id":25209,"date":"2023-07-04T17:05:21","date_gmt":"2023-07-04T17:05:21","guid":{"rendered":"https:\/\/www.iceagetv.com\/radiosite\/?p=25209"},"modified":"2023-07-04T17:05:21","modified_gmt":"2023-07-04T17:05:21","slug":"emeutes-macron-annonce-une-loi-durgence-pour-accelerer-la-reconstruction","status":"publish","type":"post","link":"https:\/\/www.iceagetv.com\/radiosite\/emeutes-macron-annonce-une-loi-durgence-pour-accelerer-la-reconstruction\/","title":{"rendered":"\u00c9meutes\u00a0: Macron annonce une loi d\u2019urgence pour acc\u00e9l\u00e9rer la reconstruction"},"content":{"rendered":"\n<p>Emmanuel Macron a annonc\u00e9 ce mardi devant des maires de villes touch\u00e9es par les \u00e9meutes de la derni\u00e8re semaine un projet de \u00ab loi d\u2019urgence \u00bb pour acc\u00e9l\u00e9rer la reconstruction apr\u00e8s les destructions qui ont vis\u00e9 des b\u00e2timents, du mobilier urbain et des moyens de transportsOn a un probl\u00e8me de d\u00e9lais. Nous allons pr\u00e9senter une loi d\u2019urgence pour \u00e9craser tous les d\u00e9lais, avoir une proc\u00e9dure acc\u00e9l\u00e9r\u00e9e pour reconstruire beaucoup plus vite \u00bb, a d\u00e9clar\u00e9 le chef de l\u2019\u00c9tat, selon un participant. Interrog\u00e9, son entourage n\u2019a pas pr\u00e9cis\u00e9 dans l\u2019imm\u00e9diat quand serait pr\u00e9sent\u00e9 et examin\u00e9 ce texte.<\/p>\n\n\n\n<p>Le pr\u00e9sident a aussi promis un accompagnement des collectivit\u00e9s \u00ab pour tr\u00e8s vite pouvoir r\u00e9parer \u00bb le mat\u00e9riel de vid\u00e9osurveillance cass\u00e9, ainsi que des aides financi\u00e8res aux villes pour les r\u00e9parations concernant \u00ab la voirie, les \u00e9tablissements communaux, les \u00e9coles \u00bb.<\/p>\n\n\n\n<p>\u00ab On va \u00eatre extr\u00eamement ferme et clair avec les assureurs commune par commune \u00bb, a-t-il encore dit lors de cette r\u00e9union \u00e0 l\u2019\u00c9lys\u00e9e.<\/p>\n\n\n\n<p>Apr\u00e8s avoir longuement \u00e9cout\u00e9 un grand nombre des quelque 250 maires pr\u00e9sents, Emmanuel Macron a reconnu qu\u2019il n\u2019y avait pas \u00ab une unanimit\u00e9 dans la salle \u00bb sur les solutions \u00e0 apporter&nbsp;<a href=\"https:\/\/www.letelegramme.fr\/faits-divers\/refus-dobtemperer-dans-les-hauts-de-seine-un-homme-tue-par-un-tir-de-la-police-6381202.php\" target=\"_blank\" rel=\"noreferrer noopener\">apr\u00e8s la mort de Nahel, 17 ans, tu\u00e9 par un policier lors d\u2019un contr\u00f4le routier,<\/a>&nbsp;qui a \u00e9t\u00e9 suivie de plusieurs nuits d\u2019\u00e9meutes, de destruction et de pillages.<\/p>\n\n\n\n<h2 class=\"wp-block-heading\">Un \u00e9t\u00e9 de r\u00e9flexions \u00e0 venir<\/h2>\n\n\n\n<p>Souvent mis en cause pour avoir enterr\u00e9,&nbsp;<a href=\"https:\/\/www.letelegramme.fr\/france\/span-classamorcebanlieuesspan-le-rapport-borloo-propose-la-creation-dun-fonds-de-5-milliards-deuros-3255630.php\" target=\"_blank\" rel=\"noreferrer noopener\">en 2018, le plan de l\u2019ex-ministre Jean-Louis Borloo pour les banlieues,<\/a>&nbsp;le pr\u00e9sident a reconnu avoir \u00e9t\u00e9 \u00ab maladroit \u00bb, tout en affirmant avoir pris n\u00e9anmoins de nombreuses mesures en faveur de la politique de la ville.<\/p>\n\n\n\n<p>Il a esquiss\u00e9 plusieurs chantiers, promettant de \u00ab travailler \u00bb pendant l\u2019\u00e9t\u00e9 \u00ab pour d\u00e9boucher sur des solutions tr\u00e8s concr\u00e8tes \u00bb. \u00ab On ne doit pas laisser la p\u00e2te retomber \u00bb, a-t-il lanc\u00e9, \u00e9voquant un \u00ab point d\u2019\u00e9tape \u00bb avec les maires \u00e0 \u00ab la fin de l\u2019\u00e9t\u00e9 \u00bb.<\/p>\n\n\n\n<p>Parmi ces chantiers, il a \u00e9voqu\u00e9 de \u00ab mieux accompagner, mieux responsabiliser et parfois mieux sanctionner \u00bb les parents d\u2019enfants auteurs de violences.<\/p>\n\n\n\n<p>Il a aussi plaid\u00e9 pour un changement de m\u00e9thode dans la construction des politiques publiques, et pour davantage de \u00ab d\u00e9centralisation \u00bb et de \u00ab simplification \u00bb pour clarifier les responsabilit\u00e9s des divers \u00e9chelons territoriaux.<\/p>\n\n\n\n<h2 class=\"wp-block-heading\">Les logements sociaux<\/h2>\n\n\n\n<p>M\u00eame n\u00e9cessit\u00e9 de \u00ab clarifier les comp\u00e9tences \u00bb sur le logement : selon l\u2019\u00e9dile socialiste de Fleury-les-Aubrais dans le Centre-Val-de-Loire, Carole Cannette, il a propos\u00e9 de \u00ab remettre les maires au c\u0153ur des d\u00e9cisions d\u2019attribution des logements sociaux de leurs villes \u00bb.<\/p>\n\n\n\n<p>Il a aussi appel\u00e9 \u00ab \u00e0 construire des logements \u00bb, a pr\u00e9cis\u00e9 un autre \u00e9lu.<\/p>\n","protected":false},"excerpt":{"rendered":"<p>Emmanuel Macron a annonc\u00e9 ce mardi devant des maires de villes touch\u00e9es par les \u00e9meutes de la derni\u00e8re semaine un projet de \u00ab loi d\u2019urgence \u00bb pour acc\u00e9l\u00e9rer la reconstruction apr\u00e8s les destructions qui ont vis\u00e9 des b\u00e2timents, du mobilier urbain et des moyens de transportsOn a un probl\u00e8me de d\u00e9lais. Nous allons pr\u00e9senter une [&hellip;]<\/p>\n","protected":false},"author":2,"featured_media":25210,"comment_status":"open","ping_status":"open","sticky":false,"template":"","format":"standard","meta":{"_jetpack_memberships_contains_paid_content":false,"footnotes":"","jetpack_publicize_message":"","jetpack_publicize_feature_enabled":true,"jetpack_social_post_already_shared":true,"jetpack_social_options":{"image_generator_settings":{"template":"highway","default_image_id":0,"font":"","enabled":false},"version":2},"_wpas_customize_per_network":false},"categories":[405],"tags":[],"class_list":["post-25209","post","type-post","status-publish","format-standard","has-post-thumbnail","hentry","category-actu-france-monde"],"jetpack_publicize_connections":[],"jetpack_featured_media_url":"https:\/\/i0.wp.com\/www.iceagetv.com\/radiosite\/wp-content\/uploads\/2023\/07\/Emeutes-Macron-annonce-une-loi-durgence-pour-accelerer-la-reconstruction.jpg?fit=881%2C483&ssl=1","jetpack_sharing_enabled":true,"_links":{"self":[{"href":"https:\/\/www.iceagetv.com\/radiosite\/wp-json\/wp\/v2\/posts\/25209","targetHints":{"allow":["GET"]}}],"collection":[{"href":"https:\/\/www.iceagetv.com\/radiosite\/wp-json\/wp\/v2\/posts"}],"about":[{"href":"https:\/\/www.iceagetv.com\/radiosite\/wp-json\/wp\/v2\/types\/post"}],"author":[{"embeddable":true,"href":"https:\/\/www.iceagetv.com\/radiosite\/wp-json\/wp\/v2\/users\/2"}],"replies":[{"embeddable":true,"href":"https:\/\/www.iceagetv.com\/radiosite\/wp-json\/wp\/v2\/comments?post=25209"}],"version-history":[{"count":1,"href":"https:\/\/www.iceagetv.com\/radiosite\/wp-json\/wp\/v2\/posts\/25209\/revisions"}],"predecessor-version":[{"id":25211,"href":"https:\/\/www.iceagetv.com\/radiosite\/wp-json\/wp\/v2\/posts\/25209\/revisions\/25211"}],"wp:featuredmedia":[{"embeddable":true,"href":"https:\/\/www.iceagetv.com\/radiosite\/wp-json\/wp\/v2\/media\/25210"}],"wp:attachment":[{"href":"https:\/\/www.iceagetv.com\/radiosite\/wp-json\/wp\/v2\/media?parent=25209"}],"wp:term":[{"taxonomy":"category","embeddable":true,"href":"https:\/\/www.iceagetv.com\/radiosite\/wp-json\/wp\/v2\/categories?post=25209"},{"taxonomy":"post_tag","embeddable":true,"href":"https:\/\/www.iceagetv.com\/radiosite\/wp-json\/wp\/v2\/tags?post=25209"}],"curies":[{"name":"wp","href":"https:\/\/api.w.org\/{rel}","templated":true}]}}