{"id":25230,"date":"2023-07-06T11:32:54","date_gmt":"2023-07-06T11:32:54","guid":{"rendered":"https:\/\/www.iceagetv.com\/radiosite\/?p=25230"},"modified":"2023-07-06T11:32:54","modified_gmt":"2023-07-06T11:32:54","slug":"mort-de-nahel-la-chambre-de-linstruction-de-la-cour-dappel-de-versailles-decide-de-maintenir-en-detention-provisoire-le-policier-auteur-du-tir-mortel","status":"publish","type":"post","link":"https:\/\/www.iceagetv.com\/radiosite\/mort-de-nahel-la-chambre-de-linstruction-de-la-cour-dappel-de-versailles-decide-de-maintenir-en-detention-provisoire-le-policier-auteur-du-tir-mortel\/","title":{"rendered":"Mort de Nahel: La chambre de l&rsquo;instruction de la cour d&rsquo;appel de Versailles d\u00e9cide de maintenir en d\u00e9tention provisoire le policier auteur du tir mortel"},"content":{"rendered":"\n<p><strong>Le point sur ce que l&rsquo;on sait<\/strong><\/p>\n\n\n\n<p>Inculp\u00e9 pour homicide volontaire et \u00e9crou\u00e9 depuis le 29 juin, ce motard de la police de 38 ans a \u00e9t\u00e9 maintenu en d\u00e9tention provisoire jeudi sur d\u00e9cision de la chambre de l&rsquo;instruction de la cour d&rsquo;appel de Versailles, en r\u00e9gion parisienne, a indiqu\u00e9 \u00e0 l&rsquo;AFP une source proche du dossier. Seuls quelques incidents ont \u00e9t\u00e9 signal\u00e9s par les autorit\u00e9s dans la nuit de mercredi \u00e0 jeudi, qui s&rsquo;est sold\u00e9e par 20 interpellations et 81 incendies ou tentatives d&rsquo;incendies sur l&rsquo;ensemble du pays.<\/p>\n\n\n\n<p>\u00abLa premi\u00e8re r\u00e9ponse, c&rsquo;est l&rsquo;ordre et le calme, la concorde et ensuite c&rsquo;est de travailler sur les causes profondes\u00bb des \u00e9meutes, a d\u00e9clar\u00e9 jeudi matin le pr\u00e9sident fran\u00e7ais Emmanuel Macron, dont la politique en direction des quartiers populaires a \u00e9t\u00e9 mise en cause apr\u00e8s ces \u00e9meutes urbaines, les plus graves dans le pays depuis 2005.<\/p>\n\n\n\n<p>La premi\u00e8re ministre a, de son c\u00f4t\u00e9, appel\u00e9 jeudi \u00e0 \u00abprendre le temps du diagnostic\u00bb pour comprendre l&rsquo;origine de ces violences. \u00abIl ne faut pas se pr\u00e9cipiter avec des clich\u00e9s pour donner des fausses explications\u00bb, a estim\u00e9 Elisabeth Borne, alors que certains \u00e0 droite ou \u00e0 l&rsquo;extr\u00eame droite incriminent un \u00abprobl\u00e8me d&rsquo;immigration\u00bb. Ces \u00e9meutes et pillages \u00e0 grande \u00e9chelle ont d\u00e9but\u00e9 apr\u00e8s la mort d&rsquo;un jeune d&rsquo;origine maghr\u00e9bine de 17 ans, tu\u00e9 le 27 juin par un policier lors d&rsquo;un contr\u00f4le routier \u00e0 Nanterre, \u00e0 l&rsquo;ouest de Paris. Apr\u00e8s l&rsquo;annonce du maintien en d\u00e9tention du policier, son avocat a \u00e9voqu\u00e9 une d\u00e9cision \u00abcauchemardesque\u00bb pour son client.<\/p>\n\n\n\n<p>L&rsquo;enqu\u00eate sur les circonstances du d\u00e9c\u00e8s continue par ailleurs \u00e0 avancer en s&rsquo;appuyant notamment sur la vid\u00e9o du contr\u00f4le routier. Devant la police des polices, le motard a ni\u00e9 avoir prononc\u00e9 la phrase \u00abtu vas prendre une balle dans la t\u00eate\u00bb, que l&rsquo;on semble entendre dans cette vid\u00e9o film\u00e9e par un passant et devenue virale, selon le rapport de son audition consult\u00e9 par le journal le Parisien.<\/p>\n\n\n\n<p>Selon cette source, le policier a en revanche assur\u00e9 avoir hurl\u00e9 \u00e0 l&rsquo;adolescent qui circulait sans permis de couper le contact apr\u00e8s avoir fait stopper le v\u00e9hicule pour conduite dangereuse.<\/p>\n","protected":false},"excerpt":{"rendered":"<p>Le point sur ce que l&rsquo;on sait Inculp\u00e9 pour homicide volontaire et \u00e9crou\u00e9 depuis le 29 juin, ce motard de la police de 38 ans a \u00e9t\u00e9 maintenu en d\u00e9tention provisoire jeudi sur d\u00e9cision de la chambre de l&rsquo;instruction de la cour d&rsquo;appel de Versailles, en r\u00e9gion parisienne, a indiqu\u00e9 \u00e0 l&rsquo;AFP une source proche [&hellip;]<\/p>\n","protected":false},"author":2,"featured_media":25231,"comment_status":"open","ping_status":"open","sticky":false,"template":"","format":"standard","meta":{"_jetpack_memberships_contains_paid_content":false,"footnotes":"","jetpack_publicize_message":"","jetpack_publicize_feature_enabled":true,"jetpack_social_post_already_shared":true,"jetpack_social_options":{"image_generator_settings":{"template":"highway","default_image_id":0,"font":"","enabled":false},"version":2},"_wpas_customize_per_network":false},"categories":[405],"tags":[],"class_list":["post-25230","post","type-post","status-publish","format-standard","has-post-thumbnail","hentry","category-actu-france-monde"],"jetpack_publicize_connections":[],"jetpack_featured_media_url":"https:\/\/i0.wp.com\/www.iceagetv.com\/radiosite\/wp-content\/uploads\/2023\/07\/La-chambre-de-linstruction-de-la-cour-dappel-de-Versailles.jpg?fit=679%2C293&ssl=1","jetpack_sharing_enabled":true,"_links":{"self":[{"href":"https:\/\/www.iceagetv.com\/radiosite\/wp-json\/wp\/v2\/posts\/25230","targetHints":{"allow":["GET"]}}],"collection":[{"href":"https:\/\/www.iceagetv.com\/radiosite\/wp-json\/wp\/v2\/posts"}],"about":[{"href":"https:\/\/www.iceagetv.com\/radiosite\/wp-json\/wp\/v2\/types\/post"}],"author":[{"embeddable":true,"href":"https:\/\/www.iceagetv.com\/radiosite\/wp-json\/wp\/v2\/users\/2"}],"replies":[{"embeddable":true,"href":"https:\/\/www.iceagetv.com\/radiosite\/wp-json\/wp\/v2\/comments?post=25230"}],"version-history":[{"count":1,"href":"https:\/\/www.iceagetv.com\/radiosite\/wp-json\/wp\/v2\/posts\/25230\/revisions"}],"predecessor-version":[{"id":25232,"href":"https:\/\/www.iceagetv.com\/radiosite\/wp-json\/wp\/v2\/posts\/25230\/revisions\/25232"}],"wp:featuredmedia":[{"embeddable":true,"href":"https:\/\/www.iceagetv.com\/radiosite\/wp-json\/wp\/v2\/media\/25231"}],"wp:attachment":[{"href":"https:\/\/www.iceagetv.com\/radiosite\/wp-json\/wp\/v2\/media?parent=25230"}],"wp:term":[{"taxonomy":"category","embeddable":true,"href":"https:\/\/www.iceagetv.com\/radiosite\/wp-json\/wp\/v2\/categories?post=25230"},{"taxonomy":"post_tag","embeddable":true,"href":"https:\/\/www.iceagetv.com\/radiosite\/wp-json\/wp\/v2\/tags?post=25230"}],"curies":[{"name":"wp","href":"https:\/\/api.w.org\/{rel}","templated":true}]}}