{"id":25244,"date":"2023-07-08T07:47:40","date_gmt":"2023-07-08T07:47:40","guid":{"rendered":"https:\/\/www.iceagetv.com\/radiosite\/?p=25244"},"modified":"2023-07-08T07:47:40","modified_gmt":"2023-07-08T07:47:40","slug":"adama-traore-apres-linterdiction-hier-de-la-marche-a-beaumont-sur-oise-assa-traore-appelle-a-une-manifestation-cet-aprem-a-15h-a-paris-avec-le-soutien-de-la-france-insoumise","status":"publish","type":"post","link":"https:\/\/www.iceagetv.com\/radiosite\/adama-traore-apres-linterdiction-hier-de-la-marche-a-beaumont-sur-oise-assa-traore-appelle-a-une-manifestation-cet-aprem-a-15h-a-paris-avec-le-soutien-de-la-france-insoumise\/","title":{"rendered":"Adama Traor\u00e9 : Apr\u00e8s l&rsquo;interdiction hier de la marche \u00e0 Beaumont-sur-Oise, Assa Traor\u00e9 appelle \u00e0 une manifestation cet aprem \u00e0 15h \u00e0 Paris avec le soutien de la France Insoumise\u00a0"},"content":{"rendered":"\n<p>Apr\u00e8s l\u2019annulation par la justice de la marche pr\u00e9vue \u00e0 Beaumont-sur-Oise, en&nbsp; m\u00e9moire de son fr\u00e8re Adama,&nbsp;Assa Traor\u00e9 a appel\u00e9 hier soir \u00e0 un rassemblement sur la place de la R\u00e9publique \u00e0 Paris, aujourd&rsquo;hui samedi \u00e0 15h. Elle&nbsp;a ajout\u00e9 qu&rsquo;elle serait pr\u00e9sente \u00ab\u00a0samedi \u00e0 15h place de la R\u00e9publique\u00a0\u00bb pour crier \u00ab\u00a0au monde entier que nos morts ont le droit d&rsquo;exister, m\u00eame dans la mort\u00a0\u00bb. A cet endroit est pr\u00e9vue samedi apr\u00e8s-midi une \u00ab\u00a0marche pour la justice\u00a0\u00bb, parmi une trentaine d&rsquo;autres manifestations contre les violences polici\u00e8res r\u00e9pertori\u00e9es sur une carte en ligne.&nbsp;<\/p>\n\n\n\n<p>La France Insoumise a annonc\u00e9 se joindre \u00e0 cet appel :&nbsp;\u00ab\u00a0Le gouvernement refuse la manifestation pacifique \u00e0 Beaumont-sur-Oise. Pour demander justice pour Adama et toutes les victimes de violences polici\u00e8res, nous nous joignons \u00e0 cet appel\u00a0\u00bb, a indiqu\u00e9&nbsp; sur Twitter Mathilde Panot, pr\u00e9sidente du groupe LFI \u00e0 l\u2019Assembl\u00e9e nationale.<\/p>\n\n\n\n<p>Le pr\u00e9fet avait annonc\u00e9 jeudi soir l&rsquo;interdiction de la marche pr\u00e9vue \u00e0 Persan et Beaumont-sur-Oise pour marquer le septi\u00e8me anniversaire du d\u00e9c\u00e8s d&rsquo;Adama Traor\u00e9 lors d&rsquo;une arrestation en 2016.<\/p>\n\n\n\n<p>Arguant du contexte inflammable et des violences urbaines de ces derniers jours, qui ont notamment abouti \u00e0 l&rsquo;incendie de la mairie de Persan, le pr\u00e9fet Philippe Court a justifi\u00e9 l&rsquo;interdiction par de possibles \u00ab\u00a0troubles graves \u00e0 l&rsquo;ordre public\u00a0\u00bb caus\u00e9s par des \u00ab\u00a0\u00e9l\u00e9ments perturbateurs\u00a0\u00bb.<\/p>\n","protected":false},"excerpt":{"rendered":"<p>Apr\u00e8s l\u2019annulation par la justice de la marche pr\u00e9vue \u00e0 Beaumont-sur-Oise, en&nbsp; m\u00e9moire de son fr\u00e8re Adama,&nbsp;Assa Traor\u00e9 a appel\u00e9 hier soir \u00e0 un rassemblement sur la place de la R\u00e9publique \u00e0 Paris, aujourd&rsquo;hui samedi \u00e0 15h. Elle&nbsp;a ajout\u00e9 qu&rsquo;elle serait pr\u00e9sente \u00ab\u00a0samedi \u00e0 15h place de la R\u00e9publique\u00a0\u00bb pour crier \u00ab\u00a0au monde entier que [&hellip;]<\/p>\n","protected":false},"author":2,"featured_media":25245,"comment_status":"open","ping_status":"open","sticky":false,"template":"","format":"standard","meta":{"_jetpack_memberships_contains_paid_content":false,"footnotes":"","jetpack_publicize_message":"","jetpack_publicize_feature_enabled":true,"jetpack_social_post_already_shared":true,"jetpack_social_options":{"image_generator_settings":{"template":"highway","default_image_id":0,"font":"","enabled":false},"version":2},"_wpas_customize_per_network":false},"categories":[405],"tags":[],"class_list":["post-25244","post","type-post","status-publish","format-standard","has-post-thumbnail","hentry","category-actu-france-monde"],"jetpack_publicize_connections":[],"jetpack_featured_media_url":"https:\/\/i0.wp.com\/www.iceagetv.com\/radiosite\/wp-content\/uploads\/2023\/07\/Adama-Traore.jpg?fit=679%2C293&ssl=1","jetpack_sharing_enabled":true,"_links":{"self":[{"href":"https:\/\/www.iceagetv.com\/radiosite\/wp-json\/wp\/v2\/posts\/25244","targetHints":{"allow":["GET"]}}],"collection":[{"href":"https:\/\/www.iceagetv.com\/radiosite\/wp-json\/wp\/v2\/posts"}],"about":[{"href":"https:\/\/www.iceagetv.com\/radiosite\/wp-json\/wp\/v2\/types\/post"}],"author":[{"embeddable":true,"href":"https:\/\/www.iceagetv.com\/radiosite\/wp-json\/wp\/v2\/users\/2"}],"replies":[{"embeddable":true,"href":"https:\/\/www.iceagetv.com\/radiosite\/wp-json\/wp\/v2\/comments?post=25244"}],"version-history":[{"count":1,"href":"https:\/\/www.iceagetv.com\/radiosite\/wp-json\/wp\/v2\/posts\/25244\/revisions"}],"predecessor-version":[{"id":25246,"href":"https:\/\/www.iceagetv.com\/radiosite\/wp-json\/wp\/v2\/posts\/25244\/revisions\/25246"}],"wp:featuredmedia":[{"embeddable":true,"href":"https:\/\/www.iceagetv.com\/radiosite\/wp-json\/wp\/v2\/media\/25245"}],"wp:attachment":[{"href":"https:\/\/www.iceagetv.com\/radiosite\/wp-json\/wp\/v2\/media?parent=25244"}],"wp:term":[{"taxonomy":"category","embeddable":true,"href":"https:\/\/www.iceagetv.com\/radiosite\/wp-json\/wp\/v2\/categories?post=25244"},{"taxonomy":"post_tag","embeddable":true,"href":"https:\/\/www.iceagetv.com\/radiosite\/wp-json\/wp\/v2\/tags?post=25244"}],"curies":[{"name":"wp","href":"https:\/\/api.w.org\/{rel}","templated":true}]}}