{"id":25257,"date":"2023-07-09T11:17:00","date_gmt":"2023-07-09T11:17:00","guid":{"rendered":"https:\/\/www.iceagetv.com\/radiosite\/?p=25257"},"modified":"2023-07-09T11:17:00","modified_gmt":"2023-07-09T11:17:00","slug":"alpes-de-haute-provence-ou-est-passe-emile-2-ans-porte-disparu-depuis-hier-midi-alors-quil-etait-avec-ses-grands-parents-dans-le-hameau-tranquille-du-haut-vernet","status":"publish","type":"post","link":"https:\/\/www.iceagetv.com\/radiosite\/alpes-de-haute-provence-ou-est-passe-emile-2-ans-porte-disparu-depuis-hier-midi-alors-quil-etait-avec-ses-grands-parents-dans-le-hameau-tranquille-du-haut-vernet\/","title":{"rendered":"Alpes-de-Haute-Provence: O\u00f9 est pass\u00e9 Emile, 2 ans, port\u00e9 disparu depuis hier midi alors qu&rsquo;il \u00e9tait avec ses grands-parents dans le hameau tranquille du Haut-Vernet ?"},"content":{"rendered":"\n<p><strong>&nbsp;Originaire de La Bouilladisse, dans les Bouches-du-Rh\u00f4ne, \u00c9mile \u00e9tait gard\u00e9 par ses grands-parents r\u00e9sidant dans le hameau du Haut-Vernet,&nbsp; ce week-end. Le petit gar\u00e7on, qui se trouvait dans le jardin apr\u00e8s sa sieste, a alors \u00e9chapp\u00e9 \u00e0 leur surveillance.<\/strong><\/p>\n\n\n\n<p>\u00ab\u00a0Apparemment, la famille s\u2019appr\u00eatait \u00e0 quitter la maison pour faire une excursion. Et \u00e0 ce moment-l\u00e0, il a profit\u00e9 de cet instant de flotte pour filer\u00a0\u00bb, explique \u00e0 BFMTV le maire de la commune du Vernet, Fran\u00e7ois Balique. \u00ab\u00a0Les grands-parents se sont rendus compte qu\u2019il n\u2019\u00e9tait plus l\u00e0 quand ils ont voulu le mettre dans la voiture.<\/p>\n\n\n\n<p><strong>Emile, un enfant \u00e2g\u00e9 de deux ans et demi est port\u00e9 disparu depuis hier apr\u00e8s-midi sur la commune du Vernet dans&nbsp;les Alpes-de-Haute-Provence.<\/strong>&nbsp;\u00ab\u00a0Un tr\u00e8s gros dispositif de gendarmerie et de pompiers est d\u00e9ploy\u00e9. Aucune piste n&rsquo;est pour le moment privil\u00e9gi\u00e9e.\u00a0\u00bb, indique&nbsp;<a href=\"https:\/\/www.bfmtv.com\/bfm-dici\/alpes-de-haute-provence-un-enfant-de-2-ans-et-demi-porte-disparu-au-vernet-un-important-dispositif-de-recherche-mis-en-place_AN-202307090120.html\" target=\"_blank\" rel=\"noreferrer noopener\">BFM DICI.<\/a><\/p>\n\n\n\n<p>Ce sont les grands-parents du petit Emile qui ont appel\u00e9 les secours \u00ab\u00a0apr\u00e8s avoir perdu de vu leur petit-fils qui jouait dans leur jardin du hameau du Haut-Vernet, sur la commune du Vernet\u00a0\u00bb, peut-on lire.<\/p>\n\n\n\n<p>Et d&rsquo;ajouter qu&rsquo;un important dispositif de gendarmerie et de pompiers a \u00e9t\u00e9 d\u00e9ploy\u00e9, en plus de chiens Saint-Hubert. Les autorit\u00e9s utilisent \u00e9galement des drones thermiques ainsi qu&rsquo;un h\u00e9licopt\u00e8re avec reconnaissance thermique.<\/p>\n\n\n\n<p>\u00ab\u00a0Des recherches sont en cours depuis hier pour le retrouver.<\/p>\n\n\n\n<p>Elles se sont poursuivies une bonne partie de la nuit et ont repris \u00e0 l&rsquo;aube\u00a0\u00bb, indique R\u00e9my Avon, procureur de la r\u00e9publique de Digne-les-Bains, \u00e0 BFM DICI.<\/p>\n\n\n\n<p>De nombreux habitants du secteur se sont mobilis\u00e9s pour rechercher le petit gar\u00e7on. \u00ab\u00a0Nous sommes constern\u00e9s (&#8230;) La famille Soleil est connue ici, elle vient depuis des dizaines d&rsquo;ann\u00e9es en vacances. \u00c9mile jouait chez ses grands-parents et il a disparu. Beaucoup de gendarmes et pompiers sont pr\u00e9sents. Mais aussi des habitants du village et du canton pour tenter de retrouver l&rsquo;enfant\u00a0\u00bbd\u00e9clare Fran\u00e7ois Balique, le maire du Vernet.&nbsp;<\/p>\n","protected":false},"excerpt":{"rendered":"<p>&nbsp;Originaire de La Bouilladisse, dans les Bouches-du-Rh\u00f4ne, \u00c9mile \u00e9tait gard\u00e9 par ses grands-parents r\u00e9sidant dans le hameau du Haut-Vernet,&nbsp; ce week-end. Le petit gar\u00e7on, qui se trouvait dans le jardin apr\u00e8s sa sieste, a alors \u00e9chapp\u00e9 \u00e0 leur surveillance. \u00ab\u00a0Apparemment, la famille s\u2019appr\u00eatait \u00e0 quitter la maison pour faire une excursion. Et \u00e0 ce moment-l\u00e0, [&hellip;]<\/p>\n","protected":false},"author":2,"featured_media":25258,"comment_status":"open","ping_status":"open","sticky":false,"template":"","format":"standard","meta":{"_jetpack_memberships_contains_paid_content":false,"footnotes":"","jetpack_publicize_message":"","jetpack_publicize_feature_enabled":true,"jetpack_social_post_already_shared":true,"jetpack_social_options":{"image_generator_settings":{"template":"highway","default_image_id":0,"font":"","enabled":false},"version":2},"_wpas_customize_per_network":false},"categories":[405],"tags":[],"class_list":["post-25257","post","type-post","status-publish","format-standard","has-post-thumbnail","hentry","category-actu-france-monde"],"jetpack_publicize_connections":[],"jetpack_featured_media_url":"https:\/\/i0.wp.com\/www.iceagetv.com\/radiosite\/wp-content\/uploads\/2023\/07\/Ou-est-passe-Emile.jpg?fit=679%2C293&ssl=1","jetpack_sharing_enabled":true,"_links":{"self":[{"href":"https:\/\/www.iceagetv.com\/radiosite\/wp-json\/wp\/v2\/posts\/25257","targetHints":{"allow":["GET"]}}],"collection":[{"href":"https:\/\/www.iceagetv.com\/radiosite\/wp-json\/wp\/v2\/posts"}],"about":[{"href":"https:\/\/www.iceagetv.com\/radiosite\/wp-json\/wp\/v2\/types\/post"}],"author":[{"embeddable":true,"href":"https:\/\/www.iceagetv.com\/radiosite\/wp-json\/wp\/v2\/users\/2"}],"replies":[{"embeddable":true,"href":"https:\/\/www.iceagetv.com\/radiosite\/wp-json\/wp\/v2\/comments?post=25257"}],"version-history":[{"count":1,"href":"https:\/\/www.iceagetv.com\/radiosite\/wp-json\/wp\/v2\/posts\/25257\/revisions"}],"predecessor-version":[{"id":25259,"href":"https:\/\/www.iceagetv.com\/radiosite\/wp-json\/wp\/v2\/posts\/25257\/revisions\/25259"}],"wp:featuredmedia":[{"embeddable":true,"href":"https:\/\/www.iceagetv.com\/radiosite\/wp-json\/wp\/v2\/media\/25258"}],"wp:attachment":[{"href":"https:\/\/www.iceagetv.com\/radiosite\/wp-json\/wp\/v2\/media?parent=25257"}],"wp:term":[{"taxonomy":"category","embeddable":true,"href":"https:\/\/www.iceagetv.com\/radiosite\/wp-json\/wp\/v2\/categories?post=25257"},{"taxonomy":"post_tag","embeddable":true,"href":"https:\/\/www.iceagetv.com\/radiosite\/wp-json\/wp\/v2\/tags?post=25257"}],"curies":[{"name":"wp","href":"https:\/\/api.w.org\/{rel}","templated":true}]}}