{"id":25264,"date":"2023-07-10T18:54:59","date_gmt":"2023-07-10T18:54:59","guid":{"rendered":"https:\/\/www.iceagetv.com\/radiosite\/?p=25264"},"modified":"2023-07-10T18:54:59","modified_gmt":"2023-07-10T18:54:59","slug":"disparition-demile-2-ans-dans-son-point-de-18h-le-prefet-annonce-quil-na-toujours-pas-ete-localise-lenfant-aurait-du-etre-retrouve-sil-etait-dans-le-rayon-dans-lequel-l","status":"publish","type":"post","link":"https:\/\/www.iceagetv.com\/radiosite\/disparition-demile-2-ans-dans-son-point-de-18h-le-prefet-annonce-quil-na-toujours-pas-ete-localise-lenfant-aurait-du-etre-retrouve-sil-etait-dans-le-rayon-dans-lequel-l\/","title":{"rendered":"Disparition d&rsquo;Emile, 2 ans : Dans son point de 18h, le Pr\u00e9fet annonce qu&rsquo;il n&rsquo;a toujours pas \u00e9t\u00e9 localis\u00e9 : \u00ab\u00a0L\u2019enfant aurait d\u00fb \u00eatre retrouv\u00e9 s\u2019il \u00e9tait dans le rayon dans lequel les recherches ont \u00e9t\u00e9 effectu\u00e9e\u00a0\u00bb"},"content":{"rendered":"\n<p>Le pr\u00e9fet des Alpes-de-Haute-Provence Marc Chappuis a fait un nouveau point sur l\u2019enqu\u00eate face \u00e0 la presse aux alentours de 18 heures. \u00ab Ce sont 800 personnes qui se sont relay\u00e9es depuis deux jours pour tenter de localiser l\u2019enfant dans un rayon de 5 km autour de l\u2019endroit o\u00f9 il a disparu. Malgr\u00e9 toutes ces recherches, nous n\u2019avons pas pu localiser l\u2019enfant \u00bb, a-t-il d\u00e9clar\u00e9.<\/p>\n\n\n\n<p>\u00ab Les recherches n\u2019ont pas \u00e9t\u00e9 couronn\u00e9es de succ\u00e8s et se poursuivront demain \u00bb, a poursuivi Marc Chappuis. Les battues arr\u00eat\u00e9es, \u00ab d\u2019autres moyens \u00bb seront d\u00e9ploy\u00e9s \u00ab L\u2019enfant aurait d\u00fb \u00eatre retrouv\u00e9 s\u2019il \u00e9tait dans le rayon dans lequel les recherches ont \u00e9t\u00e9 effectu\u00e9es \u00bb, a ensuite affirm\u00e9 le pr\u00e9fet.<\/p>\n\n\n\n<p>Par ailleurs, le procureur de la R\u00e9publique de Digne-les-Bains a annonc\u00e9 l\u2019arr\u00eat des battues sur place. \u00ab J\u2019invite les personnes \u00e0 ne plus se rendre sur le site, qui sera ferm\u00e9, except\u00e9 pour les habitants du bourg \u00bb, a d\u00e9clar\u00e9 R\u00e9my Avron devant la presse lundi.<\/p>\n\n\n\n<p><strong>Une nouvelle battue a \u00e9t\u00e9 lanc\u00e9e au Vernet pour retrouver Emile, 2 ans et demi, disparu depuis deux jours.<\/strong>&nbsp;200 b\u00e9n\u00e9voles sont sur place pour tenter de retrouver \u00c9mile: trop de monde, selon les gendarmes, qui estiment que cette mobilisation peut \u00eatre contre-productive dans l&rsquo;\u00e9tat actuel du dispositif de recherches.&nbsp;<\/p>\n\n\n\n<p><strong>Le procureur de la R\u00e9publique de Digne-les-Bains a tenu un point presse \u00e0 15 heures,<\/strong>&nbsp;pr\u00e8s de deux jours apr\u00e8s le d\u00e9but des recherches d&rsquo;\u00c9mile. Selon R\u00e9my Avon, \u00ab\u00a0les recherches sont toujours en cours, sans \u00e9volution\u00a0\u00bb.<\/p>\n\n\n\n<p>Tout comme hier, aucune hypoth\u00e8se sur la disparition de l&rsquo;enfant n&rsquo;est \u00e9cart\u00e9e ou privil\u00e9gi\u00e9e ce lundi apr\u00e8s-midi.<\/p>\n\n\n\n<p><strong>Dans un communiqu\u00e9 de presse, la pr\u00e9fecture fait un point sur la situation:<\/strong><\/p>\n\n\n\n<p>Depuis le signalement de la disparition du petit Emile, \u00e2g\u00e9 de deux ans et demi, samedi 8 juillet 2023 \u00e0 18h12, un important dispositif de recherche a \u00e9t\u00e9 d\u00e9ploy\u00e9 sur la commune du Vernet.<\/p>\n\n\n\n<p>A cette heure, malgr\u00e9 la forte mobilisation des moyens de secours, assist\u00e9s de b\u00e9n\u00e9voles, les op\u00e9rations de recherche n\u2019ont pas encore permis de retrouver l\u2019enfant.. Les recherches, qui se sont poursuivies jusqu\u2019\u00e0 minuit dimanche, ont repris ce matin \u00e0 partir de 6H.<\/p>\n\n\n\n<p>Elles mobilisent les moyens suivants :<\/p>\n\n\n\n<p>&#8211; 60 gendarmes originaires des Alpes-de-Haute-Provence (04), des Hautes-Alpes (05), des AlpesMaritimes (06) et du Var (83)<\/p>\n\n\n\n<p>&#8211; 24 sapeurs-pompiers (dont 8 personnels de recherche cynophile)<\/p>\n\n\n\n<p>&#8211; 200 volontaires venus de l\u2019ensemble du d\u00e9partement<\/p>\n\n\n\n<p>&#8211; les moyens techniques de la gendarmerie et de la s\u00e9curit\u00e9 civile sont \u00e9galement utilis\u00e9s pour faciliter l&rsquo;action des personnes d\u00e9ploy\u00e9es sur le terrain Les recherches se poursuivront toute la journ\u00e9e.<\/p>\n\n\n\n<p>Le num\u00e9ro d&rsquo;appel mis en place par le Pr\u00e9fet et le Procureur de la R\u00e9publique, destin\u00e9 \u00e0 recueillir tout t\u00e9moignage utile est toujours actif au : 04.92.36.73.00.<\/p>\n","protected":false},"excerpt":{"rendered":"<p>Le pr\u00e9fet des Alpes-de-Haute-Provence Marc Chappuis a fait un nouveau point sur l\u2019enqu\u00eate face \u00e0 la presse aux alentours de 18 heures. \u00ab Ce sont 800 personnes qui se sont relay\u00e9es depuis deux jours pour tenter de localiser l\u2019enfant dans un rayon de 5 km autour de l\u2019endroit o\u00f9 il a disparu. Malgr\u00e9 toutes ces [&hellip;]<\/p>\n","protected":false},"author":2,"featured_media":25265,"comment_status":"open","ping_status":"open","sticky":false,"template":"","format":"standard","meta":{"_jetpack_memberships_contains_paid_content":false,"footnotes":"","jetpack_publicize_message":"","jetpack_publicize_feature_enabled":true,"jetpack_social_post_already_shared":true,"jetpack_social_options":{"image_generator_settings":{"template":"highway","default_image_id":0,"font":"","enabled":false},"version":2},"_wpas_customize_per_network":false},"categories":[405],"tags":[],"class_list":["post-25264","post","type-post","status-publish","format-standard","has-post-thumbnail","hentry","category-actu-france-monde"],"jetpack_publicize_connections":[],"jetpack_featured_media_url":"https:\/\/i0.wp.com\/www.iceagetv.com\/radiosite\/wp-content\/uploads\/2023\/07\/Disparition-dEmile-2-ans.jpg?fit=679%2C293&ssl=1","jetpack_sharing_enabled":true,"_links":{"self":[{"href":"https:\/\/www.iceagetv.com\/radiosite\/wp-json\/wp\/v2\/posts\/25264","targetHints":{"allow":["GET"]}}],"collection":[{"href":"https:\/\/www.iceagetv.com\/radiosite\/wp-json\/wp\/v2\/posts"}],"about":[{"href":"https:\/\/www.iceagetv.com\/radiosite\/wp-json\/wp\/v2\/types\/post"}],"author":[{"embeddable":true,"href":"https:\/\/www.iceagetv.com\/radiosite\/wp-json\/wp\/v2\/users\/2"}],"replies":[{"embeddable":true,"href":"https:\/\/www.iceagetv.com\/radiosite\/wp-json\/wp\/v2\/comments?post=25264"}],"version-history":[{"count":1,"href":"https:\/\/www.iceagetv.com\/radiosite\/wp-json\/wp\/v2\/posts\/25264\/revisions"}],"predecessor-version":[{"id":25266,"href":"https:\/\/www.iceagetv.com\/radiosite\/wp-json\/wp\/v2\/posts\/25264\/revisions\/25266"}],"wp:featuredmedia":[{"embeddable":true,"href":"https:\/\/www.iceagetv.com\/radiosite\/wp-json\/wp\/v2\/media\/25265"}],"wp:attachment":[{"href":"https:\/\/www.iceagetv.com\/radiosite\/wp-json\/wp\/v2\/media?parent=25264"}],"wp:term":[{"taxonomy":"category","embeddable":true,"href":"https:\/\/www.iceagetv.com\/radiosite\/wp-json\/wp\/v2\/categories?post=25264"},{"taxonomy":"post_tag","embeddable":true,"href":"https:\/\/www.iceagetv.com\/radiosite\/wp-json\/wp\/v2\/tags?post=25264"}],"curies":[{"name":"wp","href":"https:\/\/api.w.org\/{rel}","templated":true}]}}