{"id":25279,"date":"2023-07-12T11:28:56","date_gmt":"2023-07-12T11:28:56","guid":{"rendered":"https:\/\/www.iceagetv.com\/radiosite\/?p=25279"},"modified":"2023-07-12T11:28:56","modified_gmt":"2023-07-12T11:28:56","slug":"le-president-emmanuel-macron-ne-sexprimera-pas-le-14-juillet-comme-en-2020-et-2022-mais-dans-les-prochains-jours-declare-lelysee","status":"publish","type":"post","link":"https:\/\/www.iceagetv.com\/radiosite\/le-president-emmanuel-macron-ne-sexprimera-pas-le-14-juillet-comme-en-2020-et-2022-mais-dans-les-prochains-jours-declare-lelysee\/","title":{"rendered":"Le pr\u00e9sident Emmanuel Macron ne s&rsquo;exprimera pas le 14 juillet, comme en 2020 et 2022, mais \u00ab dans les prochains jours \u00bb d\u00e9clare l\u2019Elys\u00e9e"},"content":{"rendered":"\n<p>Emmanuel Macron ne s&rsquo;exprimera pas le 14 juillet, comme en 2020 et 2022, mais \u00ab&nbsp;dans les prochains jours&nbsp;\u00bb annonce finalement l\u2019Elys\u00e9e.<\/p>\n\n\n\n<p>Le 17 avril, en d\u00e9cr\u00e9tant \u00ab\u00a0100 jours d&rsquo;apaisement\u00a0\u00bb et \u00ab\u00a0d&rsquo;action\u00a0\u00bb pour clore la crise des retraites, le pr\u00e9sident avait pourtant donn\u00e9 rendez-vous le 14 juillet pour \u00ab\u00a0un premier bilan\u00a0\u00bb. La mort de Nahel, tu\u00e9 le 27 juin par un policier lors d&rsquo;un contr\u00f4le routier, et les nuits de violences urbaines cons\u00e9cutives ont accru l&rsquo;attente, d&rsquo;autant qu&rsquo;Emmanuel Macron ne s&rsquo;est pas adress\u00e9 directement aux Fran\u00e7ais sur ses \u00e9v\u00e8nements. Mais la pr\u00e9sidence ne veut pas prendre le risque de remettre de l&rsquo;huile sur le feu ou de relancer une col\u00e8re.<\/p>\n\n\n\n<p>Dans l&rsquo;entourage d\u2019Emmanuel Macron, on estime que \u00ab\u00a0la promesse des cent jours d&rsquo;action a \u00e9t\u00e9 en tr\u00e8s grande partie tenue\u00a0\u00bb, avec un pr\u00e9sident de retour au contact des Fran\u00e7ais pour lancer des chantiers importants, comme la r\u00e9forme du bac professionnel et les mesures destin\u00e9e \u00e0 revitaliser l&rsquo;industrie hexagonale tout en la verdissant. \u00ab\u00a0On pr\u00e9disait qu&rsquo;apr\u00e8s les retraites, l&rsquo;ex\u00e9cutif serait entrav\u00e9 et que le Parlement serait bloqu\u00e9. Force est de constater que ce n&rsquo;est pas le cas\u00a0\u00bb, ajoute-t-on<\/p>\n","protected":false},"excerpt":{"rendered":"<p>Emmanuel Macron ne s&rsquo;exprimera pas le 14 juillet, comme en 2020 et 2022, mais \u00ab&nbsp;dans les prochains jours&nbsp;\u00bb annonce finalement l\u2019Elys\u00e9e. Le 17 avril, en d\u00e9cr\u00e9tant \u00ab\u00a0100 jours d&rsquo;apaisement\u00a0\u00bb et \u00ab\u00a0d&rsquo;action\u00a0\u00bb pour clore la crise des retraites, le pr\u00e9sident avait pourtant donn\u00e9 rendez-vous le 14 juillet pour \u00ab\u00a0un premier bilan\u00a0\u00bb. La mort de Nahel, tu\u00e9 [&hellip;]<\/p>\n","protected":false},"author":2,"featured_media":25280,"comment_status":"open","ping_status":"open","sticky":false,"template":"","format":"standard","meta":{"_jetpack_memberships_contains_paid_content":false,"footnotes":"","jetpack_publicize_message":"","jetpack_publicize_feature_enabled":true,"jetpack_social_post_already_shared":true,"jetpack_social_options":{"image_generator_settings":{"template":"highway","default_image_id":0,"font":"","enabled":false},"version":2},"_wpas_customize_per_network":false},"categories":[405],"tags":[],"class_list":["post-25279","post","type-post","status-publish","format-standard","has-post-thumbnail","hentry","category-actu-france-monde"],"jetpack_publicize_connections":[],"jetpack_featured_media_url":"https:\/\/i0.wp.com\/www.iceagetv.com\/radiosite\/wp-content\/uploads\/2023\/07\/Le-president-Emmanuel-Macron-ne-sexprimera-pas-le-14-juillet.jpg?fit=679%2C293&ssl=1","jetpack_sharing_enabled":true,"_links":{"self":[{"href":"https:\/\/www.iceagetv.com\/radiosite\/wp-json\/wp\/v2\/posts\/25279","targetHints":{"allow":["GET"]}}],"collection":[{"href":"https:\/\/www.iceagetv.com\/radiosite\/wp-json\/wp\/v2\/posts"}],"about":[{"href":"https:\/\/www.iceagetv.com\/radiosite\/wp-json\/wp\/v2\/types\/post"}],"author":[{"embeddable":true,"href":"https:\/\/www.iceagetv.com\/radiosite\/wp-json\/wp\/v2\/users\/2"}],"replies":[{"embeddable":true,"href":"https:\/\/www.iceagetv.com\/radiosite\/wp-json\/wp\/v2\/comments?post=25279"}],"version-history":[{"count":1,"href":"https:\/\/www.iceagetv.com\/radiosite\/wp-json\/wp\/v2\/posts\/25279\/revisions"}],"predecessor-version":[{"id":25281,"href":"https:\/\/www.iceagetv.com\/radiosite\/wp-json\/wp\/v2\/posts\/25279\/revisions\/25281"}],"wp:featuredmedia":[{"embeddable":true,"href":"https:\/\/www.iceagetv.com\/radiosite\/wp-json\/wp\/v2\/media\/25280"}],"wp:attachment":[{"href":"https:\/\/www.iceagetv.com\/radiosite\/wp-json\/wp\/v2\/media?parent=25279"}],"wp:term":[{"taxonomy":"category","embeddable":true,"href":"https:\/\/www.iceagetv.com\/radiosite\/wp-json\/wp\/v2\/categories?post=25279"},{"taxonomy":"post_tag","embeddable":true,"href":"https:\/\/www.iceagetv.com\/radiosite\/wp-json\/wp\/v2\/tags?post=25279"}],"curies":[{"name":"wp","href":"https:\/\/api.w.org\/{rel}","templated":true}]}}