{"id":25283,"date":"2023-07-12T13:44:16","date_gmt":"2023-07-12T13:44:16","guid":{"rendered":"https:\/\/www.iceagetv.com\/radiosite\/?p=25283"},"modified":"2023-07-12T13:44:16","modified_gmt":"2023-07-12T13:44:16","slug":"pays-bas-les-telephones-portables-et-autres-montres-connectees-vont-etre-bannis-des-salles-de-classe-car-ils-perturbent-les-enfants-dans-leur-apprentissage","status":"publish","type":"post","link":"https:\/\/www.iceagetv.com\/radiosite\/pays-bas-les-telephones-portables-et-autres-montres-connectees-vont-etre-bannis-des-salles-de-classe-car-ils-perturbent-les-enfants-dans-leur-apprentissage\/","title":{"rendered":"Pays-Bas: Les t\u00e9l\u00e9phones portables et autres montres connect\u00e9es vont \u00eatre bannis des salles de classe car ils perturbent les enfants dans leur apprentissage"},"content":{"rendered":"\n<p>Les t\u00e9l\u00e9phones portables et autres montres connect\u00e9es perturbent les enfants dans leur apprentissage et doivent par cons\u00e9quent \u00eatre bannis des \u00e9tablissements d&rsquo;enseignement secondaire, a d\u00e9clar\u00e9 le gouvernement n\u00e9erlandais dans un communiqu\u00e9.<\/p>\n\n\n\n<p>La Haye demande aux directions des \u00e9coles du pays de convenir d&rsquo;ici octobre d&rsquo;un r\u00e8glement interne avec les enseignants, parents et \u00e9l\u00e8ves afin de retirer d\u00e8s le mois de janvier ces appareils des salles de classe.<\/p>\n\n\n\n<p>\u00ab\u00a0Il y a de plus en plus de preuves selon lesquelles les t\u00e9l\u00e9phones portables ont un effet nocif pendant les cours\u00a0\u00bb, estime La Haye. \u00ab\u00a0Les \u00e9l\u00e8ves peuvent moins bien se concentrer et leurs performances en p\u00e2tissent.\u00a0\u00bb<\/p>\n\n\n\n<p>\u00ab\u00a0Pour cette raison, les t\u00e9l\u00e9phones portables ainsi que les tablettes ou encore les montres connect\u00e9es ne seront plus autoris\u00e9s dans les classes \u00e0 partir du 1er janvier 2024.\u00a0\u00bb<\/p>\n\n\n\n<p>Dans une lettre adress\u00e9e \u00e0 la chambre basse du Parlement, le ministre de l&rsquo;Education, Robert Dijkgraaf, affirme esp\u00e9rer une \u00ab\u00a0transformation culturelle qui affectera de mani\u00e8re positive le climat d&rsquo;apprentissage dans les salles de classe\u00a0\u00bb.<\/p>\n\n\n\n<p>\u00ab\u00a0En 2023, les t\u00e9l\u00e9phones portables sont un \u00e9l\u00e9ment essentiel de notre vie quotidienne\u00a0\u00bb, \u00e9crit-il. \u00ab\u00a0Ils donnent acc\u00e8s \u00e0 l&rsquo;information, relient les gens et forment un seul outil important dans la soci\u00e9t\u00e9 moderne. Cependant, leur r\u00f4le en classe est de plus en plus contest\u00e9\u00a0\u00bb, a poursuivi M. Dijkgraaf.<\/p>\n\n\n\n<p>Le ministre explique avoir men\u00e9 pendant plusieurs mois des discussions \u00e0 ce sujet avec des professeurs, des scientifiques, des parents et des \u00e9l\u00e8ves. \u00ab\u00a0Toutes les parties concern\u00e9es soulignent l&rsquo;importance d&rsquo;un environnement d&rsquo;apprentissage dans lequel les \u00e9l\u00e8ves peuvent se concentrer et participer.\u00a0\u00bb<\/p>\n\n\n\n<p>Selon M. Dijkgraaf, des \u00e9tudes scientifiques \u00ab\u00a0ont d\u00e9montr\u00e9 que l&rsquo;utilisation non-\u00e9ducative des t\u00e9l\u00e9phones portables portent atteinte\u00a0\u00bb \u00e0 cet environnement.<\/p>\n\n\n\n<p>Le gouvernement de coalition du centre et de la droite de Mark Rutte n&rsquo;a pour l&rsquo;instant pas d\u00e9cr\u00e9t\u00e9 d&rsquo;interdiction formelle du t\u00e9l\u00e9phone en classe mais d\u00e9clare se r\u00e9server le droit de le faire apr\u00e8s une premi\u00e8re \u00e9valuation de la situation en juin 2024.<\/p>\n","protected":false},"excerpt":{"rendered":"<p>Les t\u00e9l\u00e9phones portables et autres montres connect\u00e9es perturbent les enfants dans leur apprentissage et doivent par cons\u00e9quent \u00eatre bannis des \u00e9tablissements d&rsquo;enseignement secondaire, a d\u00e9clar\u00e9 le gouvernement n\u00e9erlandais dans un communiqu\u00e9. La Haye demande aux directions des \u00e9coles du pays de convenir d&rsquo;ici octobre d&rsquo;un r\u00e8glement interne avec les enseignants, parents et \u00e9l\u00e8ves afin de [&hellip;]<\/p>\n","protected":false},"author":2,"featured_media":25284,"comment_status":"open","ping_status":"open","sticky":false,"template":"","format":"standard","meta":{"_jetpack_memberships_contains_paid_content":false,"footnotes":"","jetpack_publicize_message":"","jetpack_publicize_feature_enabled":true,"jetpack_social_post_already_shared":true,"jetpack_social_options":{"image_generator_settings":{"template":"highway","default_image_id":0,"font":"","enabled":false},"version":2},"_wpas_customize_per_network":false},"categories":[405],"tags":[],"class_list":["post-25283","post","type-post","status-publish","format-standard","has-post-thumbnail","hentry","category-actu-france-monde"],"jetpack_publicize_connections":[],"jetpack_featured_media_url":"https:\/\/i0.wp.com\/www.iceagetv.com\/radiosite\/wp-content\/uploads\/2023\/07\/Les-telephones-portables-et-autres-montres-connectees-vont-etre-bannis-des-salles-de-classe.jpg?fit=550%2C366&ssl=1","jetpack_sharing_enabled":true,"_links":{"self":[{"href":"https:\/\/www.iceagetv.com\/radiosite\/wp-json\/wp\/v2\/posts\/25283","targetHints":{"allow":["GET"]}}],"collection":[{"href":"https:\/\/www.iceagetv.com\/radiosite\/wp-json\/wp\/v2\/posts"}],"about":[{"href":"https:\/\/www.iceagetv.com\/radiosite\/wp-json\/wp\/v2\/types\/post"}],"author":[{"embeddable":true,"href":"https:\/\/www.iceagetv.com\/radiosite\/wp-json\/wp\/v2\/users\/2"}],"replies":[{"embeddable":true,"href":"https:\/\/www.iceagetv.com\/radiosite\/wp-json\/wp\/v2\/comments?post=25283"}],"version-history":[{"count":1,"href":"https:\/\/www.iceagetv.com\/radiosite\/wp-json\/wp\/v2\/posts\/25283\/revisions"}],"predecessor-version":[{"id":25285,"href":"https:\/\/www.iceagetv.com\/radiosite\/wp-json\/wp\/v2\/posts\/25283\/revisions\/25285"}],"wp:featuredmedia":[{"embeddable":true,"href":"https:\/\/www.iceagetv.com\/radiosite\/wp-json\/wp\/v2\/media\/25284"}],"wp:attachment":[{"href":"https:\/\/www.iceagetv.com\/radiosite\/wp-json\/wp\/v2\/media?parent=25283"}],"wp:term":[{"taxonomy":"category","embeddable":true,"href":"https:\/\/www.iceagetv.com\/radiosite\/wp-json\/wp\/v2\/categories?post=25283"},{"taxonomy":"post_tag","embeddable":true,"href":"https:\/\/www.iceagetv.com\/radiosite\/wp-json\/wp\/v2\/tags?post=25283"}],"curies":[{"name":"wp","href":"https:\/\/api.w.org\/{rel}","templated":true}]}}