{"id":25304,"date":"2023-07-17T18:34:35","date_gmt":"2023-07-17T18:34:35","guid":{"rendered":"https:\/\/www.iceagetv.com\/radiosite\/?p=25304"},"modified":"2023-07-17T18:34:35","modified_gmt":"2023-07-17T18:34:35","slug":"emmanuel-macron-a-decide-de-maintenir-elisabeth-borne-a-matignon-dans-un-souci-de-stabilite-le-president-devrait-sexprimer-dans-les-medias-cette-semaine","status":"publish","type":"post","link":"https:\/\/www.iceagetv.com\/radiosite\/emmanuel-macron-a-decide-de-maintenir-elisabeth-borne-a-matignon-dans-un-souci-de-stabilite-le-president-devrait-sexprimer-dans-les-medias-cette-semaine\/","title":{"rendered":"Emmanuel Macron a d\u00e9cid\u00e9 de maintenir \u00c9lisabeth Borne \u00e0 Matignon, \u00ab\u00a0dans un souci de stabilit\u00e9\u00a0\u00bb &#8211; Le Pr\u00e9sident devrait s&rsquo;exprimer dans les m\u00e9dias cette semaine"},"content":{"rendered":"\n<p>La Premi\u00e8re ministre \u00c9lisabeth Borne est confirm\u00e9e \u00e0 Matignon par Emmanuel Macron, a appris CNEWS ce lundi d&rsquo;une source gouvernementale. Le chef de l&rsquo;Etat s&rsquo;exprimera \u00abd&rsquo;ici \u00e0 la fin de la semaine\u00bb. \u00c9lisabeth Borne sort gagnante du cap des \u00abcent jours\u00bb d&rsquo;apaisement, fix\u00e9 par Emmanuel Macron en pleine crise de la r\u00e9forme des retraites.<\/p>\n\n\n\n<p>Malgr\u00e9 les rumeurs de remaniement et l&rsquo;\u00e9pisode douloureux des \u00e9meutes apr\u00e8s la mort de Nahel, la Premi\u00e8re ministre a \u00e9t\u00e9 confirm\u00e9e dans ses fonctions par le pr\u00e9sident de la R\u00e9publique. Mutique lors du d\u00e9fil\u00e9 du 14-Juillet vendredi dernier, Emmanuel Macron s&rsquo;exprimera \u00abd&rsquo;ici \u00e0 la fin de la semaine\u00bb, selon l&rsquo;entourage du chef de l&rsquo;Etat, aupr\u00e8s de l&rsquo;AFP. \u00abIl compte pr\u00e9parer la rentr\u00e9e en rappelant le cap clair qui est le sien et en rassemblant fortement apr\u00e8s cette p\u00e9riode\u00bb, a d\u00e9clar\u00e9 cette m\u00eame source, pr\u00e9cisant que le maintien d&rsquo;\u00c9lisabeth Borne \u00e9tait fait \u00abpour assurer stabilit\u00e9 et travail de fond\u00bb.<\/p>\n\n\n\n<p>La Premi\u00e8re ministre n&rsquo;avait pas \u00e9voqu\u00e9 son avenir \u00e0 la t\u00eate du gouvernement \u00e0 l&rsquo;issue du Comit\u00e9 interminist\u00e9riel de la s\u00e9curit\u00e9 routi\u00e8re (CISR), ce lundi apr\u00e8s-midi.<\/p>\n\n\n\n<p>\u00abL\u2019objectif des \u201ccent jours\u201d a \u00e9t\u00e9 tenu et le calme est revenu. Le 14-Juillet a \u00e9t\u00e9 un succ\u00e8s ; la loi de programmation pour la justice a \u00e9t\u00e9 vot\u00e9e mardi soir \u00e0 l\u2019Assembl\u00e9e nationale apr\u00e8s le vote d\u00e9finitif de la loi de programmation militaire\u00bb, \u00e9num\u00e8re-t-on dans l\u2019entourage du chef de l\u2019\u00c9tat, o\u00f9 l\u2019on consid\u00e8re que \u00able pays avance\u00bb et que \u00abl\u2019ex\u00e9cutif doit travailler et pr\u00e9parer la rentr\u00e9e\u00bb.<\/p>\n\n\n\n<p><strong>Autre information donn\u00e9e par nos confr\u00e8res, le Pr\u00e9sident de la R\u00e9publique devrait s&rsquo;exprimer dans les m\u00e9dias avant la fin de la semaine.<\/strong><\/p>\n","protected":false},"excerpt":{"rendered":"<p>La Premi\u00e8re ministre \u00c9lisabeth Borne est confirm\u00e9e \u00e0 Matignon par Emmanuel Macron, a appris CNEWS ce lundi d&rsquo;une source gouvernementale. Le chef de l&rsquo;Etat s&rsquo;exprimera \u00abd&rsquo;ici \u00e0 la fin de la semaine\u00bb. \u00c9lisabeth Borne sort gagnante du cap des \u00abcent jours\u00bb d&rsquo;apaisement, fix\u00e9 par Emmanuel Macron en pleine crise de la r\u00e9forme des retraites. Malgr\u00e9 [&hellip;]<\/p>\n","protected":false},"author":2,"featured_media":25305,"comment_status":"open","ping_status":"open","sticky":false,"template":"","format":"standard","meta":{"_jetpack_memberships_contains_paid_content":false,"footnotes":"","jetpack_publicize_message":"","jetpack_publicize_feature_enabled":true,"jetpack_social_post_already_shared":true,"jetpack_social_options":{"image_generator_settings":{"template":"highway","default_image_id":0,"font":"","enabled":false},"version":2},"_wpas_customize_per_network":false},"categories":[405],"tags":[],"class_list":["post-25304","post","type-post","status-publish","format-standard","has-post-thumbnail","hentry","category-actu-france-monde"],"jetpack_publicize_connections":[],"jetpack_featured_media_url":"https:\/\/i0.wp.com\/www.iceagetv.com\/radiosite\/wp-content\/uploads\/2023\/07\/Emmanuel-Macron-a-decide-de-maintenir-Elisabeth-Borne.jpg?fit=679%2C293&ssl=1","jetpack_sharing_enabled":true,"_links":{"self":[{"href":"https:\/\/www.iceagetv.com\/radiosite\/wp-json\/wp\/v2\/posts\/25304","targetHints":{"allow":["GET"]}}],"collection":[{"href":"https:\/\/www.iceagetv.com\/radiosite\/wp-json\/wp\/v2\/posts"}],"about":[{"href":"https:\/\/www.iceagetv.com\/radiosite\/wp-json\/wp\/v2\/types\/post"}],"author":[{"embeddable":true,"href":"https:\/\/www.iceagetv.com\/radiosite\/wp-json\/wp\/v2\/users\/2"}],"replies":[{"embeddable":true,"href":"https:\/\/www.iceagetv.com\/radiosite\/wp-json\/wp\/v2\/comments?post=25304"}],"version-history":[{"count":1,"href":"https:\/\/www.iceagetv.com\/radiosite\/wp-json\/wp\/v2\/posts\/25304\/revisions"}],"predecessor-version":[{"id":25306,"href":"https:\/\/www.iceagetv.com\/radiosite\/wp-json\/wp\/v2\/posts\/25304\/revisions\/25306"}],"wp:featuredmedia":[{"embeddable":true,"href":"https:\/\/www.iceagetv.com\/radiosite\/wp-json\/wp\/v2\/media\/25305"}],"wp:attachment":[{"href":"https:\/\/www.iceagetv.com\/radiosite\/wp-json\/wp\/v2\/media?parent=25304"}],"wp:term":[{"taxonomy":"category","embeddable":true,"href":"https:\/\/www.iceagetv.com\/radiosite\/wp-json\/wp\/v2\/categories?post=25304"},{"taxonomy":"post_tag","embeddable":true,"href":"https:\/\/www.iceagetv.com\/radiosite\/wp-json\/wp\/v2\/tags?post=25304"}],"curies":[{"name":"wp","href":"https:\/\/api.w.org\/{rel}","templated":true}]}}