{"id":25314,"date":"2023-07-19T06:30:11","date_gmt":"2023-07-19T06:30:11","guid":{"rendered":"https:\/\/www.iceagetv.com\/radiosite\/?p=25314"},"modified":"2023-07-19T06:30:11","modified_gmt":"2023-07-19T06:30:11","slug":"emmanuel-macron-est-en-train-delaborer-son-nouveau-gouvernement-dans-le-plus-grand-secret-voici-ceux-qui-pourraient-sortir-et-ceux-qui-pourraient-entrer","status":"publish","type":"post","link":"https:\/\/www.iceagetv.com\/radiosite\/emmanuel-macron-est-en-train-delaborer-son-nouveau-gouvernement-dans-le-plus-grand-secret-voici-ceux-qui-pourraient-sortir-et-ceux-qui-pourraient-entrer\/","title":{"rendered":"Emmanuel Macron est en train d&rsquo;\u00e9laborer son nouveau gouvernement dans le plus grand secret : Voici ceux qui pourraient sortir et ceux qui pourraient entrer !"},"content":{"rendered":"\n<p>Alors que les rumeurs de remaniements sont de plus en plus pr\u00e9sentes; il semble d\u00e9sormais clair que plusieurs Ministres ne retrouveront pas leur place. Nos confr\u00e8res du<a href=\"https:\/\/www.lefigaro.fr\/politique\/il-faut-que-ca-s-arrete-pour-les-futurs-entrants-et-sortants-l-interminable-attente-du-remaniement-20230718\" target=\"_blank\" rel=\"noreferrer noopener\">&nbsp;Figaro&nbsp;<\/a>ont list\u00e9 les potentiels sortants et les potentiels entrants, sachant que tout semble tr\u00e8s mouvant, comme souvent avec le Pr\u00e9sident de la R\u00e9publique qui aime surprendre et changer ses plans \u00e0 la derni\u00e8re minute.<\/p>\n\n\n\n<p>.<\/p>\n\n\n\n<p><strong>Les sortants possibles<\/strong><\/p>\n\n\n\n<p>&nbsp;.<\/p>\n\n\n\n<p><strong>&nbsp;Pap Ndiaye (\u00c9ducation nationale),<\/strong><\/p>\n\n\n\n<p><strong>Fran\u00e7ois Braun (Sant\u00e9),<\/strong><\/p>\n\n\n\n<p><strong>Olivier Klein (Ville)<\/strong><\/p>\n\n\n\n<p><strong>Marl\u00e8ne Schiappa (Economie sociale et solidaire)<\/strong><\/p>\n\n\n\n<p><strong>Jean-Christophe Combe (Solidarit\u00e9s)<\/strong><\/p>\n\n\n\n<p><strong>B\u00e9rang\u00e8re Couillard (Biodiversit\u00e9)<\/strong><\/p>\n\n\n\n<p><strong>Isabelle Rome (\u00c9galit\u00e9 femmes-hommes)&nbsp;<\/strong><\/p>\n\n\n\n<p>.<\/p>\n\n\n\n<p><strong>Les entrants possibles&nbsp;<\/strong><\/p>\n\n\n\n<p>.<\/p>\n\n\n\n<p><strong>Les d\u00e9put\u00e9es Renaissance, Aurore Berg\u00e9 et Astrid Panosyan-Bouvet, \u00e9voqu\u00e9es aux Solidarit\u00e9s,<\/strong><\/p>\n\n\n\n<p><strong>La d\u00e9put\u00e9e Prisca Thevenot pour remplacer Olivier V\u00e9ran au porte-parolat, ou encore l\u2019\u00e9lue de Marseille Sabrina Agresti-Roubache<\/strong><\/p>\n\n\n\n<p><strong>A l\u2019\u00c9ducation nationale, l\u2019ex-pr\u00e9sident de l\u2019Assembl\u00e9e nationale,&nbsp;Richard Ferrand&nbsp;ou Thierry Coulhon, ancien conseiller charg\u00e9 de l\u2019\u00e9ducation \u00e0 l\u2019\u00c9lys\u00e9e<\/strong><\/p>\n","protected":false},"excerpt":{"rendered":"<p>Alors que les rumeurs de remaniements sont de plus en plus pr\u00e9sentes; il semble d\u00e9sormais clair que plusieurs Ministres ne retrouveront pas leur place. Nos confr\u00e8res du&nbsp;Figaro&nbsp;ont list\u00e9 les potentiels sortants et les potentiels entrants, sachant que tout semble tr\u00e8s mouvant, comme souvent avec le Pr\u00e9sident de la R\u00e9publique qui aime surprendre et changer ses [&hellip;]<\/p>\n","protected":false},"author":2,"featured_media":25315,"comment_status":"open","ping_status":"open","sticky":false,"template":"","format":"standard","meta":{"_jetpack_memberships_contains_paid_content":false,"footnotes":"","jetpack_publicize_message":"","jetpack_publicize_feature_enabled":true,"jetpack_social_post_already_shared":true,"jetpack_social_options":{"image_generator_settings":{"template":"highway","default_image_id":0,"font":"","enabled":false},"version":2},"_wpas_customize_per_network":false},"categories":[405],"tags":[],"class_list":["post-25314","post","type-post","status-publish","format-standard","has-post-thumbnail","hentry","category-actu-france-monde"],"jetpack_publicize_connections":[],"jetpack_featured_media_url":"https:\/\/i0.wp.com\/www.iceagetv.com\/radiosite\/wp-content\/uploads\/2023\/07\/Emmanuel-Macron-est-en-train-delaborer-son-nouveau-gouvernement.jpg?fit=679%2C293&ssl=1","jetpack_sharing_enabled":true,"_links":{"self":[{"href":"https:\/\/www.iceagetv.com\/radiosite\/wp-json\/wp\/v2\/posts\/25314","targetHints":{"allow":["GET"]}}],"collection":[{"href":"https:\/\/www.iceagetv.com\/radiosite\/wp-json\/wp\/v2\/posts"}],"about":[{"href":"https:\/\/www.iceagetv.com\/radiosite\/wp-json\/wp\/v2\/types\/post"}],"author":[{"embeddable":true,"href":"https:\/\/www.iceagetv.com\/radiosite\/wp-json\/wp\/v2\/users\/2"}],"replies":[{"embeddable":true,"href":"https:\/\/www.iceagetv.com\/radiosite\/wp-json\/wp\/v2\/comments?post=25314"}],"version-history":[{"count":1,"href":"https:\/\/www.iceagetv.com\/radiosite\/wp-json\/wp\/v2\/posts\/25314\/revisions"}],"predecessor-version":[{"id":25316,"href":"https:\/\/www.iceagetv.com\/radiosite\/wp-json\/wp\/v2\/posts\/25314\/revisions\/25316"}],"wp:featuredmedia":[{"embeddable":true,"href":"https:\/\/www.iceagetv.com\/radiosite\/wp-json\/wp\/v2\/media\/25315"}],"wp:attachment":[{"href":"https:\/\/www.iceagetv.com\/radiosite\/wp-json\/wp\/v2\/media?parent=25314"}],"wp:term":[{"taxonomy":"category","embeddable":true,"href":"https:\/\/www.iceagetv.com\/radiosite\/wp-json\/wp\/v2\/categories?post=25314"},{"taxonomy":"post_tag","embeddable":true,"href":"https:\/\/www.iceagetv.com\/radiosite\/wp-json\/wp\/v2\/tags?post=25314"}],"curies":[{"name":"wp","href":"https:\/\/api.w.org\/{rel}","templated":true}]}}